
{"id":40129,"date":"2014-08-15T17:05:28","date_gmt":"2014-08-15T20:05:28","guid":{"rendered":"http:\/\/www.sudoestehoje.com.br\/novoportal\/?p=40129"},"modified":"2014-08-15T17:06:03","modified_gmt":"2014-08-15T20:06:03","slug":"democratas-inauguram-comite-de-aleluia-e-heraldo-nesta-sexta","status":"publish","type":"post","link":"https:\/\/www.sudoestehoje.com.br\/novoportal\/2014\/08\/15\/democratas-inauguram-comite-de-aleluia-e-heraldo-nesta-sexta\/","title":{"rendered":"DEMOCRATAS INAUGURA COMIT\u00ca DE ALELUIA E HERALDO ROCHA NESTA SEXTA"},"content":{"rendered":"<p><a href=\"http:\/\/www.sudoestehoje.com.br\/novoportal\/wp-content\/uploads\/2014\/08\/GEDC1241.jpg\"><img loading=\"lazy\" decoding=\"async\" class=\"aligncenter size-medium wp-image-40130\" alt=\"GEDSC DIGITAL CAMERA\" src=\"http:\/\/www.sudoestehoje.com.br\/novoportal\/wp-content\/uploads\/2014\/08\/GEDC1241-500x375.jpg\" width=\"500\" height=\"375\" srcset=\"https:\/\/www.sudoestehoje.com.br\/novoportal\/wp-content\/uploads\/2014\/08\/GEDC1241-500x375.jpg 500w, https:\/\/www.sudoestehoje.com.br\/novoportal\/wp-content\/uploads\/2014\/08\/GEDC1241.jpg 640w\" sizes=\"auto, (max-width: 500px) 100vw, 500px\" \/><\/a><\/p>\n<p><strong><em>Por Davi Ferraz<\/em><\/strong><\/p>\n<p>ITAPETINGA: O comit\u00ea eleitoral dos candidatos Jos\u00e9 Carlos Aleluia e Heraldo Rocha, ambos do DEM, ser\u00e1 inaugurado nesta sexta-feira, na R\u00f3tula dos Pioneiros, no andar t\u00e9rreo do Residencial Herc\u00edlia Pacheco, no centro de Itapetinga.<\/p>\n<p>Aleluia, que disputa uma vaga na C\u00e2mara dos Deputados, e Heraldo Rocha, que luta para retornar \u00e0 Assembl\u00e9ia Legislativa, fizeram uma caminhada pelo centro comercial de Itapetinga na parte da manh\u00e3, acompanhados pelo ex-prefeito Jos\u00e9 Ot\u00e1vio Curvelo, onde foram bem recebidos e saudados por comerciantes, comerci\u00e1rios e populares, numa demonstra\u00e7\u00e3o de prest\u00edgio e reconhecimento pelos servi\u00e7os prestados pelo seu partido ao munic\u00edpio e regi\u00e3o.<\/p>\n<p>A inaugura\u00e7\u00e3o do comit\u00ea regional do Democratas est\u00e1 prevista para as 19h, e a movimenta\u00e7\u00e3o dever\u00e1 ser grande, dada a mobiliza\u00e7\u00e3o que vem sendo feita pelos l\u00edderes do partido em Itapetinga.<\/p>\n<p><img decoding=\"async\" class=\"aligncenter\" alt=\"Foto: Aleluia, Heraldo e Z\u00e9 Ot\u00e1vio visitam com\u00e9rcio em Itapetinga\" src=\"https:\/\/scontent-b-atl.xx.fbcdn.net\/hphotos-xpf1\/t1.0-9\/s851x315\/10553557_681040915320646_4342641547254473135_n.jpg\" width=\"500\" \/><\/p>\n<p><img decoding=\"async\" class=\"aligncenter\" alt=\"Foto: Heraldo Rocha\" src=\"https:\/\/fbcdn-sphotos-a-a.akamaihd.net\/hphotos-ak-xfa1\/t1.0-9\/s851x315\/10599534_681041855320552_3340611475016488371_n.jpg\" width=\"500\" \/><\/p>\n","protected":false},"excerpt":{"rendered":"<p>Por Davi Ferraz ITAPETINGA: O comit\u00ea eleitoral dos candidatos Jos\u00e9 Carlos Aleluia e Heraldo Rocha, ambos do DEM, ser\u00e1 inaugurado nesta sexta-feira, na R\u00f3tula dos Pioneiros, no andar t\u00e9rreo do Residencial Herc\u00edlia Pacheco, no centro de Itapetinga. Aleluia, que disputa uma vaga na C\u00e2mara dos Deputados, e Heraldo Rocha, que luta para retornar \u00e0 Assembl\u00e9ia [&hellip;]<\/p>\n","protected":false},"author":2,"featured_media":0,"comment_status":"open","ping_status":"open","sticky":false,"template":"","format":"standard","meta":{"footnotes":"","_links_to":"","_links_to_target":""},"categories":[1],"tags":[],"class_list":["post-40129","post","type-post","status-publish","format-standard","hentry","category-geral"],"views":1256,"_links":{"self":[{"href":"https:\/\/www.sudoestehoje.com.br\/novoportal\/wp-json\/wp\/v2\/posts\/40129","targetHints":{"allow":["GET"]}}],"collection":[{"href":"https:\/\/www.sudoestehoje.com.br\/novoportal\/wp-json\/wp\/v2\/posts"}],"about":[{"href":"https:\/\/www.sudoestehoje.com.br\/novoportal\/wp-json\/wp\/v2\/types\/post"}],"author":[{"embeddable":true,"href":"https:\/\/www.sudoestehoje.com.br\/novoportal\/wp-json\/wp\/v2\/users\/2"}],"replies":[{"embeddable":true,"href":"https:\/\/www.sudoestehoje.com.br\/novoportal\/wp-json\/wp\/v2\/comments?post=40129"}],"version-history":[{"count":4,"href":"https:\/\/www.sudoestehoje.com.br\/novoportal\/wp-json\/wp\/v2\/posts\/40129\/revisions"}],"predecessor-version":[{"id":40145,"href":"https:\/\/www.sudoestehoje.com.br\/novoportal\/wp-json\/wp\/v2\/posts\/40129\/revisions\/40145"}],"wp:attachment":[{"href":"https:\/\/www.sudoestehoje.com.br\/novoportal\/wp-json\/wp\/v2\/media?parent=40129"}],"wp:term":[{"taxonomy":"category","embeddable":true,"href":"https:\/\/www.sudoestehoje.com.br\/novoportal\/wp-json\/wp\/v2\/categories?post=40129"},{"taxonomy":"post_tag","embeddable":true,"href":"https:\/\/www.sudoestehoje.com.br\/novoportal\/wp-json\/wp\/v2\/tags?post=40129"}],"curies":[{"name":"wp","href":"https:\/\/api.w.org\/{rel}","templated":true}]}}