
{"id":40126,"date":"2014-08-15T01:33:24","date_gmt":"2014-08-15T04:33:24","guid":{"rendered":"http:\/\/www.sudoestehoje.com.br\/novoportal\/?p=40126"},"modified":"2014-08-15T01:34:29","modified_gmt":"2014-08-15T04:34:29","slug":"para-o-senado-geddel-lidera-com-36-otto-19-e-eliana-calmon-6","status":"publish","type":"post","link":"https:\/\/www.sudoestehoje.com.br\/novoportal\/2014\/08\/15\/para-o-senado-geddel-lidera-com-36-otto-19-e-eliana-calmon-6\/","title":{"rendered":"PARA O SENADO, GEDDEL LIDERA COM 36%, OTTO 19% E ELIANA CALMON 6%"},"content":{"rendered":"<p style=\"text-align: center;\"><img decoding=\"async\" class=\"aligncenter\" alt=\"Na corrida pelo Senado, Geddel aparece com 36% contra 19% de Otto, indica pesquisa\" src=\"http:\/\/www.bahianoticias.com.br\/fotos\/principal_noticias\/158823\/xIMAGEM_NOTICIA_5.jpg.pagespeed.ic.4bpAjzcKwy.jpg\" width=\"400\" \/><\/p>\n<p>A pesquisa Ipespe\/ Bahia Not\u00edcias para o Senado Federal aponta que o candidato do PMDB, Geddel Vieira Lima, possui 36% das inten\u00e7\u00f5es de voto entre os 1.800 entrevistados de 75 munic\u00edpios baianos, entre os dias 8 e 12 de agosto. O peemedebista aparece \u00e0 frente de Otto Alencar (PSD), atual vice-governador da Bahia, que det\u00e9m 19% das inten\u00e7\u00f5es de voto.\u00a0A ex-ministra do Superior Tribunal de Justi\u00e7a (STJ), Eliana Calmon (PSB), fica na terceira posi\u00e7\u00e3o, com 6% das inten\u00e7\u00f5es de voto.<\/p>\n<p style=\"text-align: center;\"><img decoding=\"async\" class=\"aligncenter\" alt=\"\" src=\"http:\/\/www.bahianoticias.com.br\/ckfinder\/userfiles\/images\/380x280xGEDDEL,P20ENTREVISTA,P20FOTO,P20TIAGO,P20MELO,P20BAHIA,P20NOTICIAS.jpg.pagespeed.ic.QR4YN8YECG.jpg\" width=\"400\" \/><\/p>\n<p>O candidato do PEN, Addson Gomes, \u00e9 a op\u00e7\u00e3o para 3% dos entrevistados e o candidato do PSOL, Hamilton Assis, fica com 2% das inten\u00e7\u00f5es. Completando a pesquisa estimulada, quando s\u00e3o fornecidos os nomes dos candidatos registrados, 19% dos baianos ainda n\u00e3o sabem ou n\u00e3o responderam em quem v\u00e3o votar para o senador e 17% admitem votar em branco ou nulo.\u00a0<em>Bahia Not\u00edcias<\/em><\/p>\n","protected":false},"excerpt":{"rendered":"<p>A pesquisa Ipespe\/ Bahia Not\u00edcias para o Senado Federal aponta que o candidato do PMDB, Geddel Vieira Lima, possui 36% das inten\u00e7\u00f5es de voto entre os 1.800 entrevistados de 75 munic\u00edpios baianos, entre os dias 8 e 12 de agosto. O peemedebista aparece \u00e0 frente de Otto Alencar (PSD), atual vice-governador da Bahia, que det\u00e9m [&hellip;]<\/p>\n","protected":false},"author":2,"featured_media":0,"comment_status":"open","ping_status":"open","sticky":false,"template":"","format":"standard","meta":{"footnotes":"","_links_to":"","_links_to_target":""},"categories":[1],"tags":[],"class_list":["post-40126","post","type-post","status-publish","format-standard","hentry","category-geral"],"views":1132,"_links":{"self":[{"href":"https:\/\/www.sudoestehoje.com.br\/novoportal\/wp-json\/wp\/v2\/posts\/40126","targetHints":{"allow":["GET"]}}],"collection":[{"href":"https:\/\/www.sudoestehoje.com.br\/novoportal\/wp-json\/wp\/v2\/posts"}],"about":[{"href":"https:\/\/www.sudoestehoje.com.br\/novoportal\/wp-json\/wp\/v2\/types\/post"}],"author":[{"embeddable":true,"href":"https:\/\/www.sudoestehoje.com.br\/novoportal\/wp-json\/wp\/v2\/users\/2"}],"replies":[{"embeddable":true,"href":"https:\/\/www.sudoestehoje.com.br\/novoportal\/wp-json\/wp\/v2\/comments?post=40126"}],"version-history":[{"count":2,"href":"https:\/\/www.sudoestehoje.com.br\/novoportal\/wp-json\/wp\/v2\/posts\/40126\/revisions"}],"predecessor-version":[{"id":40128,"href":"https:\/\/www.sudoestehoje.com.br\/novoportal\/wp-json\/wp\/v2\/posts\/40126\/revisions\/40128"}],"wp:attachment":[{"href":"https:\/\/www.sudoestehoje.com.br\/novoportal\/wp-json\/wp\/v2\/media?parent=40126"}],"wp:term":[{"taxonomy":"category","embeddable":true,"href":"https:\/\/www.sudoestehoje.com.br\/novoportal\/wp-json\/wp\/v2\/categories?post=40126"},{"taxonomy":"post_tag","embeddable":true,"href":"https:\/\/www.sudoestehoje.com.br\/novoportal\/wp-json\/wp\/v2\/tags?post=40126"}],"curies":[{"name":"wp","href":"https:\/\/api.w.org\/{rel}","templated":true}]}}