
{"id":40106,"date":"2014-08-14T23:39:38","date_gmt":"2014-08-15T02:39:38","guid":{"rendered":"http:\/\/www.sudoestehoje.com.br\/novoportal\/?p=40106"},"modified":"2014-08-14T23:39:38","modified_gmt":"2014-08-15T02:39:38","slug":"com-morte-de-eduardo-campos-coligacao-de-rui-costa-cancela-agenda","status":"publish","type":"post","link":"https:\/\/www.sudoestehoje.com.br\/novoportal\/2014\/08\/14\/com-morte-de-eduardo-campos-coligacao-de-rui-costa-cancela-agenda\/","title":{"rendered":"COM MORTE DE EDUARDO CAMPOS, COLIGA\u00c7\u00c3O DE RUI COSTA CANCELA AGENDA"},"content":{"rendered":"<p><img decoding=\"async\" class=\"aligncenter\" alt=\"\" src=\"http:\/\/geraldojose.com.br\/ckfinder\/userfiles\/images\/rui%20costa(2).jpg\" \/><\/p>\n<p>A coliga\u00e7\u00e3o Pra Bahia Mudar Mais cancelou toda a programa\u00e7\u00e3o de eventos que seria cumprida por seus candidatos da chapa majorit\u00e1ria nesta sexta-feira (15), em raz\u00e3o da morte tr\u00e1gica de Eduardo Campos, candidato a presid\u00eancia da Rep\u00fablica, e de seus acompanhantes, em acidente a\u00e9reo ocorrido em S\u200bantos, S\u200b\u00e3o Paulo. A programa\u00e7\u00e3o previa uma caminhada pelas ruas de Feira de Santana e com\u00edcio \u200bem \u200bConcei\u00e7\u00e3o do Coit\u00e9 , eventos que ser\u00e3o transferidos para uma nova data ainda a ser definida.<\/p>\n","protected":false},"excerpt":{"rendered":"<p>A coliga\u00e7\u00e3o Pra Bahia Mudar Mais cancelou toda a programa\u00e7\u00e3o de eventos que seria cumprida por seus candidatos da chapa majorit\u00e1ria nesta sexta-feira (15), em raz\u00e3o da morte tr\u00e1gica de Eduardo Campos, candidato a presid\u00eancia da Rep\u00fablica, e de seus acompanhantes, em acidente a\u00e9reo ocorrido em S\u200bantos, S\u200b\u00e3o Paulo. A programa\u00e7\u00e3o previa uma caminhada pelas [&hellip;]<\/p>\n","protected":false},"author":2,"featured_media":0,"comment_status":"open","ping_status":"open","sticky":false,"template":"","format":"standard","meta":{"footnotes":"","_links_to":"","_links_to_target":""},"categories":[1],"tags":[],"class_list":["post-40106","post","type-post","status-publish","format-standard","hentry","category-geral"],"views":1148,"_links":{"self":[{"href":"https:\/\/www.sudoestehoje.com.br\/novoportal\/wp-json\/wp\/v2\/posts\/40106","targetHints":{"allow":["GET"]}}],"collection":[{"href":"https:\/\/www.sudoestehoje.com.br\/novoportal\/wp-json\/wp\/v2\/posts"}],"about":[{"href":"https:\/\/www.sudoestehoje.com.br\/novoportal\/wp-json\/wp\/v2\/types\/post"}],"author":[{"embeddable":true,"href":"https:\/\/www.sudoestehoje.com.br\/novoportal\/wp-json\/wp\/v2\/users\/2"}],"replies":[{"embeddable":true,"href":"https:\/\/www.sudoestehoje.com.br\/novoportal\/wp-json\/wp\/v2\/comments?post=40106"}],"version-history":[{"count":2,"href":"https:\/\/www.sudoestehoje.com.br\/novoportal\/wp-json\/wp\/v2\/posts\/40106\/revisions"}],"predecessor-version":[{"id":40108,"href":"https:\/\/www.sudoestehoje.com.br\/novoportal\/wp-json\/wp\/v2\/posts\/40106\/revisions\/40108"}],"wp:attachment":[{"href":"https:\/\/www.sudoestehoje.com.br\/novoportal\/wp-json\/wp\/v2\/media?parent=40106"}],"wp:term":[{"taxonomy":"category","embeddable":true,"href":"https:\/\/www.sudoestehoje.com.br\/novoportal\/wp-json\/wp\/v2\/categories?post=40106"},{"taxonomy":"post_tag","embeddable":true,"href":"https:\/\/www.sudoestehoje.com.br\/novoportal\/wp-json\/wp\/v2\/tags?post=40106"}],"curies":[{"name":"wp","href":"https:\/\/api.w.org\/{rel}","templated":true}]}}