
{"id":40101,"date":"2014-08-14T18:42:00","date_gmt":"2014-08-14T21:42:00","guid":{"rendered":"http:\/\/www.sudoestehoje.com.br\/novoportal\/?p=40101"},"modified":"2014-08-14T18:42:00","modified_gmt":"2014-08-14T21:42:00","slug":"fundacao-jose-silveira-inaugura-sala-de-fisioterapia-no-ibr","status":"publish","type":"post","link":"https:\/\/www.sudoestehoje.com.br\/novoportal\/2014\/08\/14\/fundacao-jose-silveira-inaugura-sala-de-fisioterapia-no-ibr\/","title":{"rendered":"FUNDA\u00c7\u00c3O JOS\u00c9 SILVEIRA INAUGURA SALA DE FISIOTERAPIA NO IBR"},"content":{"rendered":"<p><img decoding=\"async\" class=\"aligncenter\" alt=\"\" src=\"http:\/\/mw2.google.com\/mw-panoramio\/photos\/medium\/6882412.jpg\" \/><\/p>\n<p>A Funda\u00e7\u00e3o Jos\u00e9 Silveira (FJS) entrega \u00e0 comunidade a Sala de Fisioterapia Infantil do Instituto Baiano de Reabilita\u00e7\u00e3o (IBR) totalmente reformada, na pr\u00f3xima sexta-feira, 15 de agosto, \u00e0s 8:30h. Os recursos arrecadados com a Campanha Dia do Bem Subway\u00ae 2013 colaboraram para a reestrutura\u00e7\u00e3o do espa\u00e7o, destinado ao atendimento especializado de crian\u00e7as com defici\u00eancias neuromotoras.\u00a0 Nesta iniciativa solid\u00e1ria, a rede de restaurantes Subway\u00ae na Bahia destinou toda a renda obtida em um dia com as vendas de determinado sandu\u00edche para os servi\u00e7os complementares de sa\u00fade do IBR, unidade que atende milhares de pessoas com defici\u00eancia.<!--more--><\/p>\n<p>Os recursos obtidos com o Dia do Bem ajudaram a financiar as obras de renova\u00e7\u00e3o, amplia\u00e7\u00e3o, moderniza\u00e7\u00e3o e humaniza\u00e7\u00e3o do Setor de Fisioterapia Infantil do IBR. Contribu\u00edram, ainda, para a implanta\u00e7\u00e3o do Parque de Estimula\u00e7\u00e3o Sensorial e Sala de Integra\u00e7\u00e3o Sensorial. O projeto arquitet\u00f4nico do local foi elaborado e doado pela arquiteta Eliane kruschewsky, por meio do Projeto IBR Decora\u00e7\u00e3o.<\/p>\n<p>\u201c\u00c9 uma atitude cidad\u00e3 a iniciativa de profissionais e empresas que t\u00eam feito a sua parte para o fortalecimento da obra social e de sa\u00fade lan\u00e7ada pelo professor Jos\u00e9 Silveira\u201d, ressalta a superintendente da FJS, Leila Brito. O Projeto IBR Decora\u00e7\u00e3o tamb\u00e9m contou com a ades\u00e3o das arquitetas\u00a0<em id=\"yui_3_16_0_1_1408051793138_3381\">Flavia Foguel<\/em><b>,\u00a0<\/b><em>Cristiana Reis<\/em>\u00a0e Milena S\u00e1,\u00a0que doaram os projetos de interiores para a nova concep\u00e7\u00e3o da Brinquedoteca e da Sala de Fonaudiologia Adulto e Infantil do IBR. \u00c9 uma corrente de solidariedade, como foi demonstrado no Dia do Bem Subway, quando v\u00e1rios artistas e esportistas baianos de renome cederam sua imagem para divulga\u00e7\u00e3o da campanha ao grande p\u00fablico.<\/p>\n","protected":false},"excerpt":{"rendered":"<p>A Funda\u00e7\u00e3o Jos\u00e9 Silveira (FJS) entrega \u00e0 comunidade a Sala de Fisioterapia Infantil do Instituto Baiano de Reabilita\u00e7\u00e3o (IBR) totalmente reformada, na pr\u00f3xima sexta-feira, 15 de agosto, \u00e0s 8:30h. Os recursos arrecadados com a Campanha Dia do Bem Subway\u00ae 2013 colaboraram para a reestrutura\u00e7\u00e3o do espa\u00e7o, destinado ao atendimento especializado de crian\u00e7as com defici\u00eancias neuromotoras.\u00a0 [&hellip;]<\/p>\n","protected":false},"author":2,"featured_media":0,"comment_status":"open","ping_status":"open","sticky":false,"template":"","format":"standard","meta":{"footnotes":"","_links_to":"","_links_to_target":""},"categories":[1],"tags":[],"class_list":["post-40101","post","type-post","status-publish","format-standard","hentry","category-geral"],"views":2823,"_links":{"self":[{"href":"https:\/\/www.sudoestehoje.com.br\/novoportal\/wp-json\/wp\/v2\/posts\/40101","targetHints":{"allow":["GET"]}}],"collection":[{"href":"https:\/\/www.sudoestehoje.com.br\/novoportal\/wp-json\/wp\/v2\/posts"}],"about":[{"href":"https:\/\/www.sudoestehoje.com.br\/novoportal\/wp-json\/wp\/v2\/types\/post"}],"author":[{"embeddable":true,"href":"https:\/\/www.sudoestehoje.com.br\/novoportal\/wp-json\/wp\/v2\/users\/2"}],"replies":[{"embeddable":true,"href":"https:\/\/www.sudoestehoje.com.br\/novoportal\/wp-json\/wp\/v2\/comments?post=40101"}],"version-history":[{"count":1,"href":"https:\/\/www.sudoestehoje.com.br\/novoportal\/wp-json\/wp\/v2\/posts\/40101\/revisions"}],"predecessor-version":[{"id":40102,"href":"https:\/\/www.sudoestehoje.com.br\/novoportal\/wp-json\/wp\/v2\/posts\/40101\/revisions\/40102"}],"wp:attachment":[{"href":"https:\/\/www.sudoestehoje.com.br\/novoportal\/wp-json\/wp\/v2\/media?parent=40101"}],"wp:term":[{"taxonomy":"category","embeddable":true,"href":"https:\/\/www.sudoestehoje.com.br\/novoportal\/wp-json\/wp\/v2\/categories?post=40101"},{"taxonomy":"post_tag","embeddable":true,"href":"https:\/\/www.sudoestehoje.com.br\/novoportal\/wp-json\/wp\/v2\/tags?post=40101"}],"curies":[{"name":"wp","href":"https:\/\/api.w.org\/{rel}","templated":true}]}}