
{"id":40088,"date":"2014-08-14T13:12:57","date_gmt":"2014-08-14T16:12:57","guid":{"rendered":"http:\/\/www.sudoestehoje.com.br\/novoportal\/?p=40088"},"modified":"2014-08-14T14:39:30","modified_gmt":"2014-08-14T17:39:30","slug":"por-onde-anda-o-prefeito-carlinhos","status":"publish","type":"post","link":"https:\/\/www.sudoestehoje.com.br\/novoportal\/2014\/08\/14\/por-onde-anda-o-prefeito-carlinhos\/","title":{"rendered":"POR ONDE ANDA O PREFEITO CARLINHOS?"},"content":{"rendered":"<div id=\"attachment_40089\" style=\"width: 510px\" class=\"wp-caption aligncenter\"><a href=\"http:\/\/www.sudoestehoje.com.br\/novoportal\/wp-content\/uploads\/2014\/08\/CARLINHOS-ELZA.jpg\"><img loading=\"lazy\" decoding=\"async\" aria-describedby=\"caption-attachment-40089\" class=\"size-medium wp-image-40089\" alt=\"Carlinhos transmitiu o cargo para a vice-prefeita Elza Soares desde o in\u00edcio de maio e o seu retorno \u00e9 aguardado com ansiedade. Por onde ele anda? \" src=\"http:\/\/www.sudoestehoje.com.br\/novoportal\/wp-content\/uploads\/2014\/08\/CARLINHOS-ELZA-500x309.jpg\" width=\"500\" height=\"309\" srcset=\"https:\/\/www.sudoestehoje.com.br\/novoportal\/wp-content\/uploads\/2014\/08\/CARLINHOS-ELZA-500x309.jpg 500w, https:\/\/www.sudoestehoje.com.br\/novoportal\/wp-content\/uploads\/2014\/08\/CARLINHOS-ELZA.jpg 626w\" sizes=\"auto, (max-width: 500px) 100vw, 500px\" \/><\/a><p id=\"caption-attachment-40089\" class=\"wp-caption-text\">Carlinhos transmitiu o cargo para a vice-prefeita Elza Soares desde o in\u00edcio de maio e o seu retorno \u00e9 aguardado com ansiedade. Por onde ele anda?<\/p><\/div>\n<p>O prefeito Ant\u00f4nio Carlos Macedo (Carlinhos), de Macarani, \u00e9 considerado um dos mais din\u00e2micos e realizadores da Bahia, mas de uns tempos para c\u00e1 vem se ausentando demasiadamente do munic\u00edpio, o que j\u00e1 preocupa a popula\u00e7\u00e3o, correligion\u00e1rios e at\u00e9 a sua equipe de governo.<\/p>\n<p>Em maio deste ano, o prefeito se licenciou por 60 dias para tratamento de sa\u00fade, com a devida autoriza\u00e7\u00e3o da C\u00e2mara Municipal. Entretanto, quando retornou da licen\u00e7a concedida pelo legislativa, no in\u00edcio de julho, ficou apenas uma semana no munic\u00edpio e voltou a se licenciar, deixando os destinos da sua cidade nas m\u00e3os da vice-prefeita Elza Soares.<\/p>\n<p>Elza \u00e9 dedicada e fiel \u00e0 lideran\u00e7a de Carlinhos, mas vem encontrando enormes dificuldades para tocar a administra\u00e7\u00e3o municipal, pelas pr\u00f3prias limita\u00e7\u00f5es pol\u00edticas e administrativas impostas pela sua condi\u00e7\u00e3o de &#8220;prefeita interina&#8221;, principalmente neste per\u00edodo eleitoral, em que algumas decis\u00f5es pol\u00edticas precisam ser adotadas.<\/p>\n<p>Sem a presen\u00e7a do l\u00edder no processo eleitoral, as coisas tendem a se complicar, pois os advers\u00e1rios j\u00e1 est\u00e3o se aproveitando da prolongada aus\u00eancia do prefeito para disseminarem boatos e maledic\u00eancias sobre os supostos motivos do seu afastamento.<\/p>\n<p>\u00c9 por esta e outras raz\u00f5es que o prefeito Carlinhos precisa reassumir urgentemente o seu posto, para alegria dos seus conterr\u00e2neos, amigos e parceiros pol\u00edticos, que j\u00e1 est\u00e3o aflitos.<\/p>\n<p><strong><em>Por Davi Ferraz<\/em><\/strong><\/p>\n","protected":false},"excerpt":{"rendered":"<p>O prefeito Ant\u00f4nio Carlos Macedo (Carlinhos), de Macarani, \u00e9 considerado um dos mais din\u00e2micos e realizadores da Bahia, mas de uns tempos para c\u00e1 vem se ausentando demasiadamente do munic\u00edpio, o que j\u00e1 preocupa a popula\u00e7\u00e3o, correligion\u00e1rios e at\u00e9 a sua equipe de governo. Em maio deste ano, o prefeito se licenciou por 60 dias [&hellip;]<\/p>\n","protected":false},"author":2,"featured_media":0,"comment_status":"open","ping_status":"open","sticky":false,"template":"","format":"standard","meta":{"footnotes":"","_links_to":"","_links_to_target":""},"categories":[1],"tags":[],"class_list":["post-40088","post","type-post","status-publish","format-standard","hentry","category-geral"],"views":1317,"_links":{"self":[{"href":"https:\/\/www.sudoestehoje.com.br\/novoportal\/wp-json\/wp\/v2\/posts\/40088","targetHints":{"allow":["GET"]}}],"collection":[{"href":"https:\/\/www.sudoestehoje.com.br\/novoportal\/wp-json\/wp\/v2\/posts"}],"about":[{"href":"https:\/\/www.sudoestehoje.com.br\/novoportal\/wp-json\/wp\/v2\/types\/post"}],"author":[{"embeddable":true,"href":"https:\/\/www.sudoestehoje.com.br\/novoportal\/wp-json\/wp\/v2\/users\/2"}],"replies":[{"embeddable":true,"href":"https:\/\/www.sudoestehoje.com.br\/novoportal\/wp-json\/wp\/v2\/comments?post=40088"}],"version-history":[{"count":3,"href":"https:\/\/www.sudoestehoje.com.br\/novoportal\/wp-json\/wp\/v2\/posts\/40088\/revisions"}],"predecessor-version":[{"id":40095,"href":"https:\/\/www.sudoestehoje.com.br\/novoportal\/wp-json\/wp\/v2\/posts\/40088\/revisions\/40095"}],"wp:attachment":[{"href":"https:\/\/www.sudoestehoje.com.br\/novoportal\/wp-json\/wp\/v2\/media?parent=40088"}],"wp:term":[{"taxonomy":"category","embeddable":true,"href":"https:\/\/www.sudoestehoje.com.br\/novoportal\/wp-json\/wp\/v2\/categories?post=40088"},{"taxonomy":"post_tag","embeddable":true,"href":"https:\/\/www.sudoestehoje.com.br\/novoportal\/wp-json\/wp\/v2\/tags?post=40088"}],"curies":[{"name":"wp","href":"https:\/\/api.w.org\/{rel}","templated":true}]}}