
{"id":40067,"date":"2014-08-13T13:05:17","date_gmt":"2014-08-13T16:05:17","guid":{"rendered":"http:\/\/www.sudoestehoje.com.br\/novoportal\/?p=40067"},"modified":"2014-08-13T13:35:29","modified_gmt":"2014-08-13T16:35:29","slug":"candidato-eduardo-campos-morre-em-acidente-aereo-em-santos","status":"publish","type":"post","link":"https:\/\/www.sudoestehoje.com.br\/novoportal\/2014\/08\/13\/candidato-eduardo-campos-morre-em-acidente-aereo-em-santos\/","title":{"rendered":"CANDIDATO EDUARDO CAMPOS MORRE EM ACIDENTE A\u00c9REO EM SANTOS"},"content":{"rendered":"<p><img decoding=\"async\" class=\"aligncenter\" alt=\"\" src=\"https:\/\/scontent-a-mia.xx.fbcdn.net\/hphotos-xap1\/v\/t1.0-9\/10513333_573297669442076_1103199766743179764_n.jpg?oh=fc3567e4f02e5234e802e08ff59fb537&amp;oe=547D0F9B\" width=\"500\" \/><\/p>\n<p>O l\u00edder do PSB na C\u00e2mara dos Deputados, J\u00falio Delgado, confirmou a morte do ex-governador de Pernambuco, Eduardo Campos, no acidente a\u00e9reo em Santos, no litoral de S\u00e3o Paulo, em entrevista \u00e0 r\u00e1dio CBN. O candidato \u00e0 Presid\u00eancia da Rep\u00fablica pelo PSB cumpria agenda na cidade, ap\u00f3s conceder entrevista ao Jornal Nacional, na Rede Globo.<\/p>\n<p>Segundo informa\u00e7\u00f5es iniciais, Campos estava acompanhado da esposa e do filho mais novo do candidato, por\u00e9m n\u00e3o existem confirma\u00e7\u00f5es dos mortes dos familiares. O prefeito de Campinas, Jonas Donizzette, um dos principais aliados de Campos em S\u00e3o Paulo, afirmou \u00e0 Folha que n\u00e3o existem sobreviventes no acidente, numa \u00e1rea residencial de Santos. A candidata a vice-presidente na chapa do PSB, Marina Silva, n\u00e3o estava no avi\u00e3o.<\/p>\n<p><img decoding=\"async\" class=\"aligncenter\" alt=\"Local da queda de aeronave em Santos, no litoral paulista\" src=\"http:\/\/veja3.abrilm.com.br\/assets\/images\/2014\/8\/237832\/imagens-do-dia-20140813-75-size-598.jpg?1407943182\" width=\"500\" \/><\/p>\n<p><img decoding=\"async\" class=\"aligncenter\" alt=\"Fuma\u00e7a tomou conta da regi\u00e3o ap\u00f3s queda de aeronave em Santos\" src=\"http:\/\/veja2.abrilm.com.br\/assets\/images\/2014\/8\/237820\/imagens-do-dia-20140813-66-size-598.jpg?1407940780\" width=\"500\" \/><\/p>\n<p><img decoding=\"async\" class=\"aligncenter\" alt=\"Local da queda de aeronave em Santos, no litoral paulista\" src=\"http:\/\/veja2.abrilm.com.br\/assets\/images\/2014\/8\/237833\/imagens-do-dia-20140813-76-size-598.jpg?1407943267\" width=\"500\" \/><\/p>\n<p>&nbsp;<\/p>\n","protected":false},"excerpt":{"rendered":"<p>O l\u00edder do PSB na C\u00e2mara dos Deputados, J\u00falio Delgado, confirmou a morte do ex-governador de Pernambuco, Eduardo Campos, no acidente a\u00e9reo em Santos, no litoral de S\u00e3o Paulo, em entrevista \u00e0 r\u00e1dio CBN. O candidato \u00e0 Presid\u00eancia da Rep\u00fablica pelo PSB cumpria agenda na cidade, ap\u00f3s conceder entrevista ao Jornal Nacional, na Rede Globo. [&hellip;]<\/p>\n","protected":false},"author":2,"featured_media":0,"comment_status":"open","ping_status":"open","sticky":false,"template":"","format":"standard","meta":{"footnotes":"","_links_to":"","_links_to_target":""},"categories":[1],"tags":[],"class_list":["post-40067","post","type-post","status-publish","format-standard","hentry","category-geral"],"views":1258,"_links":{"self":[{"href":"https:\/\/www.sudoestehoje.com.br\/novoportal\/wp-json\/wp\/v2\/posts\/40067","targetHints":{"allow":["GET"]}}],"collection":[{"href":"https:\/\/www.sudoestehoje.com.br\/novoportal\/wp-json\/wp\/v2\/posts"}],"about":[{"href":"https:\/\/www.sudoestehoje.com.br\/novoportal\/wp-json\/wp\/v2\/types\/post"}],"author":[{"embeddable":true,"href":"https:\/\/www.sudoestehoje.com.br\/novoportal\/wp-json\/wp\/v2\/users\/2"}],"replies":[{"embeddable":true,"href":"https:\/\/www.sudoestehoje.com.br\/novoportal\/wp-json\/wp\/v2\/comments?post=40067"}],"version-history":[{"count":4,"href":"https:\/\/www.sudoestehoje.com.br\/novoportal\/wp-json\/wp\/v2\/posts\/40067\/revisions"}],"predecessor-version":[{"id":40071,"href":"https:\/\/www.sudoestehoje.com.br\/novoportal\/wp-json\/wp\/v2\/posts\/40067\/revisions\/40071"}],"wp:attachment":[{"href":"https:\/\/www.sudoestehoje.com.br\/novoportal\/wp-json\/wp\/v2\/media?parent=40067"}],"wp:term":[{"taxonomy":"category","embeddable":true,"href":"https:\/\/www.sudoestehoje.com.br\/novoportal\/wp-json\/wp\/v2\/categories?post=40067"},{"taxonomy":"post_tag","embeddable":true,"href":"https:\/\/www.sudoestehoje.com.br\/novoportal\/wp-json\/wp\/v2\/tags?post=40067"}],"curies":[{"name":"wp","href":"https:\/\/api.w.org\/{rel}","templated":true}]}}