
{"id":4004,"date":"2011-03-27T10:58:07","date_gmt":"2011-03-27T13:58:07","guid":{"rendered":"http:\/\/www.sudoestehoje.com.br\/novoportal\/?p=4004"},"modified":"2011-03-27T10:58:07","modified_gmt":"2011-03-27T13:58:07","slug":"dialogo-entre-wagner-e-geddel","status":"publish","type":"post","link":"https:\/\/www.sudoestehoje.com.br\/novoportal\/2011\/03\/27\/dialogo-entre-wagner-e-geddel\/","title":{"rendered":"DI\u00c1LOGO ENTRE WAGNER E GEDDEL"},"content":{"rendered":"<p style=\"text-align: center;\"><a href=\"http:\/\/www.google.com.br\/imgres?imgurl=http:\/\/oferrao.atarde.com.br\/wp-content\/uploads\/2009\/04\/wagner_geddel.jpg&amp;imgrefurl=http:\/\/www.atarde.com.br\/oferrao\/%3Fp%3D424&amp;usg=__5K0ii2uETP_zfjq4ELlStzhjm4o=&amp;h=380&amp;w=480&amp;sz=53&amp;hl=pt-br&amp;start=15&amp;zoom=1&amp;um=1&amp;itbs=1&amp;tbnid=KZz9avZ1h06kzM:&amp;tbnh=102&amp;tbnw=129&amp;prev=\/images%3Fq%3DGEDDEL%2BE%2BWAGNER%26um%3D1%26hl%3Dpt-br%26sa%3DG%26rlz%3D1R2ADBS_pt-BRBR354%26tbs%3Disch:1&amp;ei=-UGPTdOLDMSK0QGq-Mm5Cw\"><img loading=\"lazy\" decoding=\"async\" id=\"KZz9avZ1h06kzM:\" class=\"aligncenter\" src=\"http:\/\/t1.gstatic.com\/images?q=tbn:ANd9GcRUDJe7dUrt5jtrMrZZVvExaasjsnwAsAMvMiNGAaQoT_UeV74JWOvsIznz\" alt=\"\" width=\"129\" height=\"102\" \/><\/a><\/p>\n<p>A conversa foi relatada ontem ao Pol\u00edtica Livre por um conhecido pol\u00edtico baiano, presente \u00e0 cena. Na posse do\u00a0arcebispo de Salvador, dom Murilo Krieger,\u00a0na noite da \u00faltima\u00a0sexta-feira, na Catedral Bas\u00edlica,\u00a0 o governador Jaques Wagner (PT) e o ex-ministro Geddel Vieira Lima (Integra\u00e7\u00e3o Nacional) se encontraram pela primeira vez frontalmente\u00a0desde a campanha estadual\u00a0em que\u00a0o petista derrotou o peemedebista. Gentil\u00edssimo, como sempre, Wagner dirigiu-se a Geddel: \u2013 <em>Gostaria de parabeniz\u00e1-lo pela indica\u00e7\u00e3o \u00e0 vice-presid\u00eancia (de Pessoa Jur\u00eddica) da Caixa<\/em>. Geddel\u00a0agradeceu o cumprimento e os dois j\u00e1 iam afastando-se, quando Wagner arrematou: &#8211; <em>Ah, e n\u00e3o ligue\u00a0para as not\u00edcias de que estava contra sua indica\u00e7\u00e3o. Isso \u00e9 pura\u00a0fofoca<\/em> (da imprensa). &#8211; <em>Ah,\u00a0n\u00e3o tenho d\u00favidas, governador! Afinal, se assim fosse, n\u00e3o\u00a0teria conseguido\u00a0derrot\u00e1-lo<\/em>, respondeu Geddel. Neste momento, Wagner teria sido interrompido por um assessor e os dois afastaram-se para n\u00e3o se encontrar mais em todo o evento.<\/p>\n","protected":false},"excerpt":{"rendered":"<p>A conversa foi relatada ontem ao Pol\u00edtica Livre por um conhecido pol\u00edtico baiano, presente \u00e0 cena. Na posse do\u00a0arcebispo de Salvador, dom Murilo Krieger,\u00a0na noite da \u00faltima\u00a0sexta-feira, na Catedral Bas\u00edlica,\u00a0 o governador Jaques Wagner (PT) e o ex-ministro Geddel Vieira Lima (Integra\u00e7\u00e3o Nacional) se encontraram pela primeira vez frontalmente\u00a0desde a campanha estadual\u00a0em que\u00a0o petista derrotou [&hellip;]<\/p>\n","protected":false},"author":2,"featured_media":0,"comment_status":"open","ping_status":"open","sticky":false,"template":"","format":"standard","meta":{"footnotes":"","_links_to":"","_links_to_target":""},"categories":[11],"tags":[],"class_list":["post-4004","post","type-post","status-publish","format-standard","hentry","category-quentinhas"],"views":1185,"_links":{"self":[{"href":"https:\/\/www.sudoestehoje.com.br\/novoportal\/wp-json\/wp\/v2\/posts\/4004","targetHints":{"allow":["GET"]}}],"collection":[{"href":"https:\/\/www.sudoestehoje.com.br\/novoportal\/wp-json\/wp\/v2\/posts"}],"about":[{"href":"https:\/\/www.sudoestehoje.com.br\/novoportal\/wp-json\/wp\/v2\/types\/post"}],"author":[{"embeddable":true,"href":"https:\/\/www.sudoestehoje.com.br\/novoportal\/wp-json\/wp\/v2\/users\/2"}],"replies":[{"embeddable":true,"href":"https:\/\/www.sudoestehoje.com.br\/novoportal\/wp-json\/wp\/v2\/comments?post=4004"}],"version-history":[{"count":2,"href":"https:\/\/www.sudoestehoje.com.br\/novoportal\/wp-json\/wp\/v2\/posts\/4004\/revisions"}],"predecessor-version":[{"id":4006,"href":"https:\/\/www.sudoestehoje.com.br\/novoportal\/wp-json\/wp\/v2\/posts\/4004\/revisions\/4006"}],"wp:attachment":[{"href":"https:\/\/www.sudoestehoje.com.br\/novoportal\/wp-json\/wp\/v2\/media?parent=4004"}],"wp:term":[{"taxonomy":"category","embeddable":true,"href":"https:\/\/www.sudoestehoje.com.br\/novoportal\/wp-json\/wp\/v2\/categories?post=4004"},{"taxonomy":"post_tag","embeddable":true,"href":"https:\/\/www.sudoestehoje.com.br\/novoportal\/wp-json\/wp\/v2\/tags?post=4004"}],"curies":[{"name":"wp","href":"https:\/\/api.w.org\/{rel}","templated":true}]}}