
{"id":40035,"date":"2014-08-12T18:44:08","date_gmt":"2014-08-12T21:44:08","guid":{"rendered":"http:\/\/www.sudoestehoje.com.br\/novoportal\/?p=40035"},"modified":"2014-08-12T19:02:09","modified_gmt":"2014-08-12T22:02:09","slug":"aliados-de-ze-carlos-querem-empregos-da-lia-line-so-pra-eles","status":"publish","type":"post","link":"https:\/\/www.sudoestehoje.com.br\/novoportal\/2014\/08\/12\/aliados-de-ze-carlos-querem-empregos-da-lia-line-so-pra-eles\/","title":{"rendered":"ALIADOS DE Z\u00c9 CARLOS QUEREM EMPREGOS DA LIA LINE S\u00d3 PRA ELES"},"content":{"rendered":"<p><a href=\"http:\/\/www.sudoestehoje.com.br\/novoportal\/wp-content\/uploads\/2014\/08\/empregos.jpg\"><img loading=\"lazy\" decoding=\"async\" class=\"aligncenter size-full wp-image-40039\" alt=\"empregos\" src=\"http:\/\/www.sudoestehoje.com.br\/novoportal\/wp-content\/uploads\/2014\/08\/empregos.jpg\" width=\"454\" height=\"340\" \/><\/a><\/p>\n<p>ITAPETINGA: A fabrica de cal\u00e7ados Lia Line, que veio para Itoror\u00f3 pelas m\u00e3os do prefeito Marco Brito, lutou e penou para conseguir autoriza\u00e7\u00e3o do governo estadual para abrir uma nova filial em Bandeira do Col\u00f4nia, onde um dos galp\u00f5es da antiga Azal\u00e9ia est\u00e1 fechado e abandonado, \u00e0 espera de uma prometida industria de confec\u00e7\u00f5es da Ella, que n\u00e3o emplacou, como antecipou o <em>Sudoeste Hoje<\/em>, desde janeiro deste ano \u00a0<em>(<a title=\"Permanent Link to F\u00c1BRICA DA LIA LINE PODE OCUPAR GALP\u00c3O DE BANDEIRA DO COL\u00d4NIA\" href=\"http:\/\/www.sudoestehoje.com.br\/novoportal\/2014\/01\/16\/fabrica-da-lia-line-pode-ocupar-galpao-de-bandeira-do-colonia\/\" rel=\"bookmark\">CONFIRA AQUI<\/a>).<\/em><\/p>\n<p>O prefeito de Itapetinga, com medo de demonstrar falta de prest\u00edgio pol\u00edtico junto \u00e0 popula\u00e7\u00e3o, mordeu a corda e insistiu com a fabriqueta que arrumaram pra ele, mas nem essa conseguiu viabilizar, por absoluta falta de compet\u00eancia pessoal e de sua fraca equipe. Sem sa\u00edda e a contragosto, acabou concordando com a cess\u00e3o do galp\u00e3o de Bandeira para a Lia Line, feita pelo Secret\u00e1rio Estadual da Ind\u00fastria e Com\u00e9rcio, a pedido dos propriet\u00e1rios da empresa, mas sob certas condi\u00e7\u00f5es.<\/p>\n<p>Nesta segunda-feira (11) as &#8220;condi\u00e7\u00f5es&#8221; do prefeito de Itapetinga vieram \u00e0 tona, atrav\u00e9s de uma not\u00edcia postada no blog &#8216;cabeludo&#8217; da prefeitura, dando conta de que o prefeito e ausentes deputados haviam <em>&#8220;trazido&#8221;<\/em> uma nova f\u00e1brica de cal\u00e7ados para Itapetinga, e que <em>&#8220;todos os 150 cargos ser\u00e3o indicados pelo prefeito Z\u00e9 Carlos&#8221;<\/em>, numa demonstra\u00e7\u00e3o de total falta de habilidade pol\u00edtica, ambi\u00e7\u00e3o sem controle e desrespeito \u00e0 popula\u00e7\u00e3o de Bandeira do Col\u00f4nia, que almeja o retorno dos empregos perdidos com o fechamento do galp\u00e3o da Azaleia, anciosamente.<\/p>\n<p>Al\u00e9m de lament\u00e1vel, a declara\u00e7\u00e3o do prefeito, atrav\u00e9s dos seus blogs adestrados, transmite o baixo n\u00edvel de discernimento pol\u00edtico da sua turma, que na \u00e2nsia de devorar tudo que v\u00ea pala frente, cria uma enorme &#8216;saia-justa&#8217; para o chefe, que agora vai ter que se explicar para a popula\u00e7\u00e3o do munic\u00edpio.<\/p>\n<p>Ou ser\u00e1 que n\u00e3o precisa?<\/p>\n<p><strong><em>Por Davi Ferraz\u00a0<\/em><\/strong><\/p>\n","protected":false},"excerpt":{"rendered":"<p>ITAPETINGA: A fabrica de cal\u00e7ados Lia Line, que veio para Itoror\u00f3 pelas m\u00e3os do prefeito Marco Brito, lutou e penou para conseguir autoriza\u00e7\u00e3o do governo estadual para abrir uma nova filial em Bandeira do Col\u00f4nia, onde um dos galp\u00f5es da antiga Azal\u00e9ia est\u00e1 fechado e abandonado, \u00e0 espera de uma prometida industria de confec\u00e7\u00f5es da [&hellip;]<\/p>\n","protected":false},"author":2,"featured_media":0,"comment_status":"open","ping_status":"open","sticky":false,"template":"","format":"standard","meta":{"footnotes":"","_links_to":"","_links_to_target":""},"categories":[1],"tags":[],"class_list":["post-40035","post","type-post","status-publish","format-standard","hentry","category-geral"],"views":1166,"_links":{"self":[{"href":"https:\/\/www.sudoestehoje.com.br\/novoportal\/wp-json\/wp\/v2\/posts\/40035","targetHints":{"allow":["GET"]}}],"collection":[{"href":"https:\/\/www.sudoestehoje.com.br\/novoportal\/wp-json\/wp\/v2\/posts"}],"about":[{"href":"https:\/\/www.sudoestehoje.com.br\/novoportal\/wp-json\/wp\/v2\/types\/post"}],"author":[{"embeddable":true,"href":"https:\/\/www.sudoestehoje.com.br\/novoportal\/wp-json\/wp\/v2\/users\/2"}],"replies":[{"embeddable":true,"href":"https:\/\/www.sudoestehoje.com.br\/novoportal\/wp-json\/wp\/v2\/comments?post=40035"}],"version-history":[{"count":6,"href":"https:\/\/www.sudoestehoje.com.br\/novoportal\/wp-json\/wp\/v2\/posts\/40035\/revisions"}],"predecessor-version":[{"id":40043,"href":"https:\/\/www.sudoestehoje.com.br\/novoportal\/wp-json\/wp\/v2\/posts\/40035\/revisions\/40043"}],"wp:attachment":[{"href":"https:\/\/www.sudoestehoje.com.br\/novoportal\/wp-json\/wp\/v2\/media?parent=40035"}],"wp:term":[{"taxonomy":"category","embeddable":true,"href":"https:\/\/www.sudoestehoje.com.br\/novoportal\/wp-json\/wp\/v2\/categories?post=40035"},{"taxonomy":"post_tag","embeddable":true,"href":"https:\/\/www.sudoestehoje.com.br\/novoportal\/wp-json\/wp\/v2\/tags?post=40035"}],"curies":[{"name":"wp","href":"https:\/\/api.w.org\/{rel}","templated":true}]}}