
{"id":40024,"date":"2014-08-12T14:42:55","date_gmt":"2014-08-12T17:42:55","guid":{"rendered":"http:\/\/www.sudoestehoje.com.br\/novoportal\/?p=40024"},"modified":"2014-08-12T15:38:01","modified_gmt":"2014-08-12T18:38:01","slug":"joao-durval-apoia-paulo-souto","status":"publish","type":"post","link":"https:\/\/www.sudoestehoje.com.br\/novoportal\/2014\/08\/12\/joao-durval-apoia-paulo-souto\/","title":{"rendered":"MENOSPREZADO POR WAGNER E PELO PDT, JO\u00c3O DURVAL APOIA SOUTO"},"content":{"rendered":"<p style=\"text-align: center;\"><img decoding=\"async\" class=\"aligncenter\" alt=\"Jo\u00e3o Durval reaparece e diz que vai apoiar Paulo Souto\" src=\"http:\/\/www.bahianoticias.com.br\/fotos\/principal_noticias\/158670\/xIMAGEM_NOTICIA_5.jpg.pagespeed.ic.a8I4zYrj35.jpg\" width=\"500\" \/><\/p>\n<p><strong>Bahia 247 &#8211;<\/strong>\u00a0Exclu\u00eddo das negocia\u00e7\u00f5es para indica\u00e7\u00e3o de candidato do PDT ao governo do Estado (o que acabou n\u00e3o acontecendo) e depois ignorado no processo de decis\u00e3o da postura do partido para apoiar a chapa do PT, o senador Jo\u00e3o Durval Carneiro decidiu mostrar que ainda tem voz e declarou apoio \u00e0 candidatura de Paulo Souto, do DEM, que tem chapa composta ainda por Joaci G\u00f3es (PSDB), candidato a seu vice; e por Geddel Vieira Lima (PMDB), que disputa uma vaga no Senado.<\/p>\n<p>Durval fez quest\u00e3o de fazer an\u00fancio da ades\u00e3o pessoalmente a Souto, Joaci e Geddel na noite de segunda-feira (12), no escrit\u00f3rio pol\u00edtico do DEM em Salvador.<\/p>\n<p>&#8220;Paulo Souto \u00e9 um antigo amigo, que foi um eficiente secret\u00e1rio de Minas e Energia no meu governo (1983\/1986)&#8221;, lembrou Jo\u00e3o Durval, destacando o trabalho de eletrifica\u00e7\u00e3o rural realizado por Souto no per\u00edodo. &#8220;Eu estabelecia prazos e ele nunca falhava no cumprimento&#8221;, observou o ex-governador da Bahia.<\/p>\n<p>Jo\u00e3o Durval disse tamb\u00e9m que sempre fez campanha por sua cabe\u00e7a e descartou compromisso com o governador Jaques Wagner e a presidente Dilma Rousseff. &#8220;Eu n\u00e3o devo nada a ele, n\u00e3o tenho nenhum cargo no governo do PT. Quanto \u00e0 presidente Dilma, nunca fui recebido por ela, nem eu nem qualquer outro senador. Portanto, tenho liberdade de escolher meus candidatos, que s\u00e3o Paulo Souto, Joaci e Geddel&#8221;.<\/p>\n<p>Souto disse que o governo de Jo\u00e3o Durval &#8220;deixou marcas significativas no estado&#8221;, dedicando aten\u00e7\u00e3o especial \u00e0 regi\u00e3o do semi\u00e1rido e sendo ainda um dos respons\u00e1veis pela constru\u00e7\u00e3o da barragem de Pedra do Cavalo.<\/p>\n<p>&#8220;Por causa de Pedra do Cavalo, Salvador \u00e9 uma das poucas grandes capitais brasileiras que nunca precisou fazer racionamento de \u00e1gua. Jo\u00e3o Durval deixou importante legado. \u00c9 um apoio que soma em nossa candidatura&#8221;.<\/p>\n","protected":false},"excerpt":{"rendered":"<p>Bahia 247 &#8211;\u00a0Exclu\u00eddo das negocia\u00e7\u00f5es para indica\u00e7\u00e3o de candidato do PDT ao governo do Estado (o que acabou n\u00e3o acontecendo) e depois ignorado no processo de decis\u00e3o da postura do partido para apoiar a chapa do PT, o senador Jo\u00e3o Durval Carneiro decidiu mostrar que ainda tem voz e declarou apoio \u00e0 candidatura de Paulo [&hellip;]<\/p>\n","protected":false},"author":2,"featured_media":0,"comment_status":"open","ping_status":"open","sticky":false,"template":"","format":"standard","meta":{"footnotes":"","_links_to":"","_links_to_target":""},"categories":[1],"tags":[],"class_list":["post-40024","post","type-post","status-publish","format-standard","hentry","category-geral"],"views":1160,"_links":{"self":[{"href":"https:\/\/www.sudoestehoje.com.br\/novoportal\/wp-json\/wp\/v2\/posts\/40024","targetHints":{"allow":["GET"]}}],"collection":[{"href":"https:\/\/www.sudoestehoje.com.br\/novoportal\/wp-json\/wp\/v2\/posts"}],"about":[{"href":"https:\/\/www.sudoestehoje.com.br\/novoportal\/wp-json\/wp\/v2\/types\/post"}],"author":[{"embeddable":true,"href":"https:\/\/www.sudoestehoje.com.br\/novoportal\/wp-json\/wp\/v2\/users\/2"}],"replies":[{"embeddable":true,"href":"https:\/\/www.sudoestehoje.com.br\/novoportal\/wp-json\/wp\/v2\/comments?post=40024"}],"version-history":[{"count":5,"href":"https:\/\/www.sudoestehoje.com.br\/novoportal\/wp-json\/wp\/v2\/posts\/40024\/revisions"}],"predecessor-version":[{"id":40034,"href":"https:\/\/www.sudoestehoje.com.br\/novoportal\/wp-json\/wp\/v2\/posts\/40024\/revisions\/40034"}],"wp:attachment":[{"href":"https:\/\/www.sudoestehoje.com.br\/novoportal\/wp-json\/wp\/v2\/media?parent=40024"}],"wp:term":[{"taxonomy":"category","embeddable":true,"href":"https:\/\/www.sudoestehoje.com.br\/novoportal\/wp-json\/wp\/v2\/categories?post=40024"},{"taxonomy":"post_tag","embeddable":true,"href":"https:\/\/www.sudoestehoje.com.br\/novoportal\/wp-json\/wp\/v2\/tags?post=40024"}],"curies":[{"name":"wp","href":"https:\/\/api.w.org\/{rel}","templated":true}]}}