
{"id":40022,"date":"2014-08-12T14:33:40","date_gmt":"2014-08-12T17:33:40","guid":{"rendered":"http:\/\/www.sudoestehoje.com.br\/novoportal\/?p=40022"},"modified":"2014-08-12T19:08:46","modified_gmt":"2014-08-12T22:08:46","slug":"foco-no-poder-6","status":"publish","type":"post","link":"https:\/\/www.sudoestehoje.com.br\/novoportal\/2014\/08\/12\/foco-no-poder-6\/","title":{"rendered":"FOCO NO PODER"},"content":{"rendered":"<div><a href=\"http:\/\/www.sudoestehoje.com.br\/novoportal\/wp-content\/uploads\/2014\/08\/foco.jpg\"><img decoding=\"async\" class=\"wp-image-40030 alignleft\" alt=\"foco\" src=\"http:\/\/www.sudoestehoje.com.br\/novoportal\/wp-content\/uploads\/2014\/08\/foco.jpg\" width=\"300\" \/><\/a><span style=\"line-height: 1.5em;\"><em>Itapetinga vive momento critico &#8211; <\/em>Com o fechamento da Azaleia, que chegou a gerar 22 mil empregos e hoje se resume a menos de 5 mil com isso tem causado um grave problema social aumentando o n\u00edvel de viol\u00eancia com o tr\u00e1fico de drogas. Na busca de alternativas para a regi\u00e3o \u00e9 importante aproveitar o potencial da regi\u00e3o para dinamizar a economia. De pouco adianta instalar ind\u00fastrias que s\u00f3 vem aproveitar os subs\u00eddios que s\u00e3o dados pelo governo e quando acaba o subsidio fecham as portas e v\u00e3o embora. A principal voca\u00e7\u00e3o da regi\u00e3o \u00e9 o agroneg\u00f3cio com \u00eanfase na pecu\u00e1ria de corte e leite. \u00c9 preciso dinamizar esse setor e aproveitar a cadeia produtiva para instalar industrias duradouras que promova o desenvolvimento sustent\u00e1vel.<\/span><\/div>\n<div id=\"yui_3_16_0_1_1407864343503_2115\"><\/div>\n<div id=\"yui_3_16_0_1_1407864343503_2114\"><em>O quadro pol\u00edtico na Bahia<\/em><\/div>\n<div>As \u00faltimas pesquisas mostram que o quadro pol\u00edtico na Bahia est\u00e1 caminhando para uma defini\u00e7\u00e3o no primeiro turno com a vit\u00f3ria de Paulo Souto governador e Geddel Vieira Lima senador. O nome de Otto Alencar \u00e9 leve e tem grande aceita\u00e7\u00e3o na maioria das regi\u00f5es da Bahia, por\u00e9m a chapa majorit\u00e1ria arrasta para cima ou para baixo o senador, por isso dificilmente Otto Alencar tem chance de ganhar se Paulo Souto for o vencedor da elei\u00e7\u00e3o. Tanto o governador Wagner como a presidente Dilma est\u00e3o investindo alto no sentido de virar o jogo, mas os eleitores n\u00e3o est\u00e3o se deixando levar e os n\u00fameros permanecem inalter\u00e1veis.<!--more--><\/div>\n<div><\/div>\n<div>\n<div id=\"yui_3_16_0_1_1407864343503_2167\">A pol\u00edtica mudou os pol\u00edticos n\u00e3o!<\/div>\n<div id=\"yui_3_16_0_1_1407864343503_2132\">O Ibope fez pesquisa nacional e identificou que o eleitor est\u00e1 enojado da politica e dos pol\u00edticos e querem o novo, mas n\u00e3o basta ser novo tem que parecer ser. Isso significa que os pol\u00edticos tem que mudar as velhas pr\u00e1ticas de fazer pol\u00edtica. Precisa inovar e trazer propostas verdadeiras que venham de encontro aos anseios do povo. A pol\u00edtica do p\u00e3o e circo n\u00e3o satisfaz mais o povo, eles querem melhorias na qualidade de vida: melhor sa\u00fade, mais emprego, seguran\u00e7a e educa\u00e7\u00e3o de qualidade e tamb\u00e9m pol\u00edticas p\u00fablicas de inclus\u00e3o social. O pol\u00edtico que n\u00e3o entender isso vai ficar fora do jogo.<\/div>\n<div id=\"yui_3_16_0_1_1407864343503_2128\"><\/div>\n<div id=\"yui_3_16_0_1_1407864343503_2131\">Tim\u00f3teo Brito lan\u00e7a campanha<\/div>\n<div id=\"yui_3_16_0_1_1407864343503_2129\">O deputado Tim\u00f3teo Brito lan\u00e7ou a campanha em Teixeira de Freitas em grande estilo levando o povo de volta as ruas realizando uma grande carreata saindo do aeroporto e percorrendo as ruas centrais da cidade com mais de 500 carros, na ocasi\u00e3o inaugurou comit\u00ea central com grande visibilidade. No seu discurso Tim\u00f3teo enfatizou que tem projeto de desenvolvimento econ\u00f4mico e social para debater com a cidade e regi\u00e3o. Na semana anterior inaugurou tamb\u00e9m os comit\u00eas na sua regi\u00e3o de origem, Maiquinique munic\u00edpio que nasceu e em Itapetinga aonde viveu at\u00e9 os 25 anos de idade quando se casou e mudou para Teixeira de Freitas em 1967, ent\u00e3o um pequeno povoado.<\/div>\n<div><\/div>\n<div>A hist\u00f3ria de Teixeira deve ser resgatada<\/div>\n<div id=\"yui_3_16_0_1_1407864343503_2143\">A hist\u00f3ria de Teixeira teve dois momentos, antes e depois de ACM, que no seu primeiro mandato, instalou o governo em Teixeira um pequeno povoado e estimulou o progresso do pequeno povoado um polo que concentrava cerca de 60 serrarias na d\u00e9cada de 70. Depois em 1974 ao inaugurar o sistema de abastecimento de \u00e1gua do povoado ele prometeu trazer energia hidr\u00e1ulica antes do final do seu mandato e cumpriu o compromisso assumido. Com isso Teixeira e regi\u00e3o entrou num ciclo virtuoso de progresso e quando encerrou o per\u00edodo extrativista de madeira veio o ciclo da agricultura com a col\u00f4nia japonesa que se instalou na regi\u00e3o.<\/div>\n<\/div>\n","protected":false},"excerpt":{"rendered":"<p>Itapetinga vive momento critico &#8211; Com o fechamento da Azaleia, que chegou a gerar 22 mil empregos e hoje se resume a menos de 5 mil com isso tem causado um grave problema social aumentando o n\u00edvel de viol\u00eancia com o tr\u00e1fico de drogas. Na busca de alternativas para a regi\u00e3o \u00e9 importante aproveitar o [&hellip;]<\/p>\n","protected":false},"author":2,"featured_media":0,"comment_status":"open","ping_status":"open","sticky":false,"template":"","format":"standard","meta":{"footnotes":"","_links_to":"","_links_to_target":""},"categories":[1],"tags":[],"class_list":["post-40022","post","type-post","status-publish","format-standard","hentry","category-geral"],"views":1151,"_links":{"self":[{"href":"https:\/\/www.sudoestehoje.com.br\/novoportal\/wp-json\/wp\/v2\/posts\/40022","targetHints":{"allow":["GET"]}}],"collection":[{"href":"https:\/\/www.sudoestehoje.com.br\/novoportal\/wp-json\/wp\/v2\/posts"}],"about":[{"href":"https:\/\/www.sudoestehoje.com.br\/novoportal\/wp-json\/wp\/v2\/types\/post"}],"author":[{"embeddable":true,"href":"https:\/\/www.sudoestehoje.com.br\/novoportal\/wp-json\/wp\/v2\/users\/2"}],"replies":[{"embeddable":true,"href":"https:\/\/www.sudoestehoje.com.br\/novoportal\/wp-json\/wp\/v2\/comments?post=40022"}],"version-history":[{"count":4,"href":"https:\/\/www.sudoestehoje.com.br\/novoportal\/wp-json\/wp\/v2\/posts\/40022\/revisions"}],"predecessor-version":[{"id":40044,"href":"https:\/\/www.sudoestehoje.com.br\/novoportal\/wp-json\/wp\/v2\/posts\/40022\/revisions\/40044"}],"wp:attachment":[{"href":"https:\/\/www.sudoestehoje.com.br\/novoportal\/wp-json\/wp\/v2\/media?parent=40022"}],"wp:term":[{"taxonomy":"category","embeddable":true,"href":"https:\/\/www.sudoestehoje.com.br\/novoportal\/wp-json\/wp\/v2\/categories?post=40022"},{"taxonomy":"post_tag","embeddable":true,"href":"https:\/\/www.sudoestehoje.com.br\/novoportal\/wp-json\/wp\/v2\/tags?post=40022"}],"curies":[{"name":"wp","href":"https:\/\/api.w.org\/{rel}","templated":true}]}}