
{"id":40015,"date":"2014-08-11T23:00:13","date_gmt":"2014-08-12T02:00:13","guid":{"rendered":"http:\/\/www.sudoestehoje.com.br\/novoportal\/?p=40015"},"modified":"2014-08-11T23:14:30","modified_gmt":"2014-08-12T02:14:30","slug":"selecao-de-itarantim-empata-com-o-vitoria-da-conquista-em-jogo-treino","status":"publish","type":"post","link":"https:\/\/www.sudoestehoje.com.br\/novoportal\/2014\/08\/11\/selecao-de-itarantim-empata-com-o-vitoria-da-conquista-em-jogo-treino\/","title":{"rendered":"SELE\u00c7\u00c3O DE ITARANTIM EMPATA COM O VIT\u00d3RIA DA CONQUISTA, EM JOGO TREINO"},"content":{"rendered":"<p><img decoding=\"async\" class=\"aligncenter\" alt=\"\" src=\"http:\/\/3.bp.blogspot.com\/-3dLY9BE0gG0\/U-iixc_ftwI\/AAAAAAAAORg\/1T9Pv00dfkI\/s1600\/aaaaaa.jpg\" width=\"500\" \/><\/p>\n<p style=\"text-align: center;\"><em>Torcida de Itarantim prestigiou a sele\u00e7\u00e3o local no importante amistoso<\/em><\/p>\n<p>Folgando na rodada da Serie D, o Vit\u00f3ria da Conquista empatou com a sele\u00e7\u00e3o de Itarantim, pelo placar de 2 a 2, em jogo treino realizado na tarde deste domingo (10), no est\u00e1dio Florindo Dantas, em Itarantim.\u00a0Os gols do Bode foram marcados por Rafael da Granja e Dion\u00edsio, j\u00e1 para a sele\u00e7\u00e3o itarantiense marcaram Romerito e Bagaceira.<\/p>\n<p><img decoding=\"async\" class=\"aligncenter\" alt=\"\" src=\"http:\/\/4.bp.blogspot.com\/-a5FH_FuNrvQ\/U-ijAk1VtBI\/AAAAAAAAORo\/Q7Q4OO14C2Q\/s1600\/refdfe.jpg\" width=\"500\" \/><\/p>\n<p>A partida serviu para o treinador Evandro Guimar\u00e3es observar o elenco e come\u00e7ar a definir o time que enfrenta o Porto-PE, no pr\u00f3ximo domingo (17), em Caruaru. Para a Sele\u00e7\u00e3o de Itarantim serviu para o treinador Net\u00e3o preparar a equipe para a estreia no Campeonato Intermunicipal.<\/p>\n<p><img decoding=\"async\" class=\"aligncenter\" alt=\"\" src=\"http:\/\/3.bp.blogspot.com\/-5zpIPTBh8CQ\/U-ikE5J81lI\/AAAAAAAAOSI\/cFip2KdVLto\/s1600\/vxzczcxz.jpg\" width=\"500\" \/><\/p>\n<p>O prefeito de Itarantim, Paulo Fernandes, prestigiou a sua sele\u00e7\u00e3o, desde o vesti\u00e1rio at\u00e9 o final da partida, e ficou satisfeito com o desempenho do time que disputar\u00e1 o campeonato intermunicipal, ap\u00f3s 10 anos fora do certame. Com informa\u00e7\u00f5es do Blog da Resenha Geral &#8211; Fotos Itarantim Agora<\/p>\n","protected":false},"excerpt":{"rendered":"<p>Torcida de Itarantim prestigiou a sele\u00e7\u00e3o local no importante amistoso Folgando na rodada da Serie D, o Vit\u00f3ria da Conquista empatou com a sele\u00e7\u00e3o de Itarantim, pelo placar de 2 a 2, em jogo treino realizado na tarde deste domingo (10), no est\u00e1dio Florindo Dantas, em Itarantim.\u00a0Os gols do Bode foram marcados por Rafael da [&hellip;]<\/p>\n","protected":false},"author":2,"featured_media":0,"comment_status":"open","ping_status":"open","sticky":false,"template":"","format":"standard","meta":{"footnotes":"","_links_to":"","_links_to_target":""},"categories":[1],"tags":[],"class_list":["post-40015","post","type-post","status-publish","format-standard","hentry","category-geral"],"views":1025,"_links":{"self":[{"href":"https:\/\/www.sudoestehoje.com.br\/novoportal\/wp-json\/wp\/v2\/posts\/40015","targetHints":{"allow":["GET"]}}],"collection":[{"href":"https:\/\/www.sudoestehoje.com.br\/novoportal\/wp-json\/wp\/v2\/posts"}],"about":[{"href":"https:\/\/www.sudoestehoje.com.br\/novoportal\/wp-json\/wp\/v2\/types\/post"}],"author":[{"embeddable":true,"href":"https:\/\/www.sudoestehoje.com.br\/novoportal\/wp-json\/wp\/v2\/users\/2"}],"replies":[{"embeddable":true,"href":"https:\/\/www.sudoestehoje.com.br\/novoportal\/wp-json\/wp\/v2\/comments?post=40015"}],"version-history":[{"count":6,"href":"https:\/\/www.sudoestehoje.com.br\/novoportal\/wp-json\/wp\/v2\/posts\/40015\/revisions"}],"predecessor-version":[{"id":40021,"href":"https:\/\/www.sudoestehoje.com.br\/novoportal\/wp-json\/wp\/v2\/posts\/40015\/revisions\/40021"}],"wp:attachment":[{"href":"https:\/\/www.sudoestehoje.com.br\/novoportal\/wp-json\/wp\/v2\/media?parent=40015"}],"wp:term":[{"taxonomy":"category","embeddable":true,"href":"https:\/\/www.sudoestehoje.com.br\/novoportal\/wp-json\/wp\/v2\/categories?post=40015"},{"taxonomy":"post_tag","embeddable":true,"href":"https:\/\/www.sudoestehoje.com.br\/novoportal\/wp-json\/wp\/v2\/tags?post=40015"}],"curies":[{"name":"wp","href":"https:\/\/api.w.org\/{rel}","templated":true}]}}