
{"id":400,"date":"2010-08-04T00:02:38","date_gmt":"2010-08-04T03:02:38","guid":{"rendered":"http:\/\/sudoestehoje.tempsite.ws\/novoportal\/?p=400"},"modified":"2010-09-18T15:22:32","modified_gmt":"2010-09-18T18:22:32","slug":"maridao-campanha-deixou-marina-mais-bonita","status":"publish","type":"post","link":"https:\/\/www.sudoestehoje.com.br\/novoportal\/2010\/08\/04\/maridao-campanha-deixou-marina-mais-bonita\/","title":{"rendered":"MARID\u00c3O: CAMPANHA DEIXOU MARINA &#8220;MAIS BONITA&#8221;"},"content":{"rendered":"<div>\n<div style=\"text-align: center;\"><img decoding=\"async\" src=\"http:\/\/www.bahianoticias.com.br\/fotos\/editor\/Image\/Marina_Silva_F%C3%A1bio_Vaz_de_Lima.jpg\" border=\"0\" alt=\"\" \/><\/div>\n<div style=\"text-align: center;\">Marina Silva e seu marido F\u00e1bio<\/div>\n<p>O  marido de Marina Silva, candidata do PV \u00e0 Presid\u00eancia, F\u00e1bio Vaz de  Lima, 45, a conheceu no PT, em 1985. O pai das duas filhas da  presidenci\u00e1vel ainda n\u00e3o se filiou ao PV e resistiu \u00e0 candidatura dela \u00e0  Presid\u00eancia. Mas hoje avalia que a decis\u00e3o de Marina foi acertada. A  repaginada no visual da candidata na \u00faltima semana o agradou: &#8220;Ela est\u00e1  mais bonita porque est\u00e1 contente. N\u00e3o ficou nada exagerado, delineou  melhor os l\u00e1bios, melhorou a olheira. Ela tem que usar maquiagem para  tirar foto, n\u00e3o tem jeito. Em casa, ela sempre solta o cabelo&#8221;. &#8220;Fazer  campanha com um partido sem coliga\u00e7\u00e3o \u00e9 um massacre. Tem 9%, 10% [de  inten\u00e7\u00e3o de voto] e est\u00e1 animada e animando&#8221;, diz Lima, sete anos mais  novo que ela. Durante a semana, ele fica em Rio Branco (AC), onde  trabalha como secret\u00e1rio do governador Binho Marques (PT). \u00c9 um cargo de  confian\u00e7a &#8220;herdado&#8221; de Marina. Informa\u00e7\u00f5es da Folha.<\/p>\n<\/div>\n","protected":false},"excerpt":{"rendered":"<p>Marina Silva e seu marido F\u00e1bio O marido de Marina Silva, candidata do PV \u00e0 Presid\u00eancia, F\u00e1bio Vaz de Lima, 45, a conheceu no PT, em 1985. O pai das duas filhas da presidenci\u00e1vel ainda n\u00e3o se filiou ao PV e resistiu \u00e0 candidatura dela \u00e0 Presid\u00eancia. Mas hoje avalia que a decis\u00e3o de Marina [&hellip;]<\/p>\n","protected":false},"author":1,"featured_media":0,"comment_status":"open","ping_status":"open","sticky":false,"template":"","format":"standard","meta":{"footnotes":"","_links_to":"","_links_to_target":""},"categories":[1],"tags":[],"class_list":["post-400","post","type-post","status-publish","format-standard","hentry","category-geral"],"views":1380,"_links":{"self":[{"href":"https:\/\/www.sudoestehoje.com.br\/novoportal\/wp-json\/wp\/v2\/posts\/400","targetHints":{"allow":["GET"]}}],"collection":[{"href":"https:\/\/www.sudoestehoje.com.br\/novoportal\/wp-json\/wp\/v2\/posts"}],"about":[{"href":"https:\/\/www.sudoestehoje.com.br\/novoportal\/wp-json\/wp\/v2\/types\/post"}],"author":[{"embeddable":true,"href":"https:\/\/www.sudoestehoje.com.br\/novoportal\/wp-json\/wp\/v2\/users\/1"}],"replies":[{"embeddable":true,"href":"https:\/\/www.sudoestehoje.com.br\/novoportal\/wp-json\/wp\/v2\/comments?post=400"}],"version-history":[{"count":2,"href":"https:\/\/www.sudoestehoje.com.br\/novoportal\/wp-json\/wp\/v2\/posts\/400\/revisions"}],"predecessor-version":[{"id":402,"href":"https:\/\/www.sudoestehoje.com.br\/novoportal\/wp-json\/wp\/v2\/posts\/400\/revisions\/402"}],"wp:attachment":[{"href":"https:\/\/www.sudoestehoje.com.br\/novoportal\/wp-json\/wp\/v2\/media?parent=400"}],"wp:term":[{"taxonomy":"category","embeddable":true,"href":"https:\/\/www.sudoestehoje.com.br\/novoportal\/wp-json\/wp\/v2\/categories?post=400"},{"taxonomy":"post_tag","embeddable":true,"href":"https:\/\/www.sudoestehoje.com.br\/novoportal\/wp-json\/wp\/v2\/tags?post=400"}],"curies":[{"name":"wp","href":"https:\/\/api.w.org\/{rel}","templated":true}]}}