
{"id":39998,"date":"2014-08-11T19:35:10","date_gmt":"2014-08-11T22:35:10","guid":{"rendered":"http:\/\/www.sudoestehoje.com.br\/novoportal\/?p=39998"},"modified":"2014-08-11T20:14:33","modified_gmt":"2014-08-11T23:14:33","slug":"professora-de-jequie-morre-em-grave-acidente-na-br-116","status":"publish","type":"post","link":"https:\/\/www.sudoestehoje.com.br\/novoportal\/2014\/08\/11\/professora-de-jequie-morre-em-grave-acidente-na-br-116\/","title":{"rendered":"PROFESSORA DA UESB EM JEQUI\u00c9 MORRE EM GRAVE ACIDENTE NA BR-116"},"content":{"rendered":"<p><img decoding=\"async\" class=\"alignleft\" alt=\"\" src=\"http:\/\/www.pimenta.blog.br\/wp-content\/uploads\/2014\/08\/Professora-Iara-e-o-filho-Facebook.jpg\" \/><\/p>\n<p>Dois carros de passeio pegaram fogo ap\u00f3s uma s\u00e9rie de colis\u00f5es provocada por uma carreta na Serra do Mutum, em Jaguaquara, neste domingo (10). A professora Iara S\u00e3o Paulo Luz morreu carbonizada no local do acidente.\u00a0\u00a0Iara era professora de Educa\u00e7\u00e3o F\u00edsica na UESB, no campus de Jequi\u00e9.<\/p>\n<p>De acordo com testemunhas, o motorista da carreta com fertilizantes perdeu o controle da dire\u00e7\u00e3o, colidindo com um caminh\u00e3o-ba\u00fa e uma carreta da Transbahia, al\u00e9m de atingir o GM Cruze onde estava a professora e um Ford Fiesta. A explos\u00e3o e o fogo foram provocados com a colis\u00e3o da carreta com fertilizantes contra outro ve\u00edculo que transportava etanol.<\/p>\n<p>A professora viajava acompanhada do filho, Dilson Filho, que sofreu queimaduras em 95% do corpo. O jovem foi levado para o Hospital Prado Valadares e, em seguida, para Vit\u00f3ria da Conquista, onde aguardava transfer\u00eancia em UTI a\u00e9rea para Salvador.<\/p>\n<p>O motorista da carreta que provocou o acidente est\u00e1 internado no Prado Valadares, em Jequi\u00e9. De acordo com o\u00a0<em>Jequi\u00e9 Rep\u00f3rter<\/em>, os quatro ocupantes do Ford Fiesta sa\u00edram ilesos, dentre eles uma crian\u00e7a de tr\u00eas anos.<\/p>\n<p><img decoding=\"async\" class=\"aligncenter\" alt=\"\" src=\"http:\/\/www.pimenta.blog.br\/wp-content\/uploads\/2014\/08\/Acidente-Jequi%C3%A92-10.08.2014.jpg\" width=\"500\" \/><\/p>\n<p><img decoding=\"async\" class=\"aligncenter\" alt=\"\" src=\"http:\/\/www.pimenta.blog.br\/wp-content\/uploads\/2014\/08\/Acidente-Jaguaquara-10.08.2014.jpg\" width=\"500\" \/><\/p>\n<p>&nbsp;<\/p>\n<p>&nbsp;<\/p>\n","protected":false},"excerpt":{"rendered":"<p>Dois carros de passeio pegaram fogo ap\u00f3s uma s\u00e9rie de colis\u00f5es provocada por uma carreta na Serra do Mutum, em Jaguaquara, neste domingo (10). A professora Iara S\u00e3o Paulo Luz morreu carbonizada no local do acidente.\u00a0\u00a0Iara era professora de Educa\u00e7\u00e3o F\u00edsica na UESB, no campus de Jequi\u00e9. De acordo com testemunhas, o motorista da carreta [&hellip;]<\/p>\n","protected":false},"author":2,"featured_media":0,"comment_status":"open","ping_status":"open","sticky":false,"template":"","format":"standard","meta":{"footnotes":"","_links_to":"","_links_to_target":""},"categories":[1],"tags":[],"class_list":["post-39998","post","type-post","status-publish","format-standard","hentry","category-geral"],"views":1926,"_links":{"self":[{"href":"https:\/\/www.sudoestehoje.com.br\/novoportal\/wp-json\/wp\/v2\/posts\/39998","targetHints":{"allow":["GET"]}}],"collection":[{"href":"https:\/\/www.sudoestehoje.com.br\/novoportal\/wp-json\/wp\/v2\/posts"}],"about":[{"href":"https:\/\/www.sudoestehoje.com.br\/novoportal\/wp-json\/wp\/v2\/types\/post"}],"author":[{"embeddable":true,"href":"https:\/\/www.sudoestehoje.com.br\/novoportal\/wp-json\/wp\/v2\/users\/2"}],"replies":[{"embeddable":true,"href":"https:\/\/www.sudoestehoje.com.br\/novoportal\/wp-json\/wp\/v2\/comments?post=39998"}],"version-history":[{"count":5,"href":"https:\/\/www.sudoestehoje.com.br\/novoportal\/wp-json\/wp\/v2\/posts\/39998\/revisions"}],"predecessor-version":[{"id":40004,"href":"https:\/\/www.sudoestehoje.com.br\/novoportal\/wp-json\/wp\/v2\/posts\/39998\/revisions\/40004"}],"wp:attachment":[{"href":"https:\/\/www.sudoestehoje.com.br\/novoportal\/wp-json\/wp\/v2\/media?parent=39998"}],"wp:term":[{"taxonomy":"category","embeddable":true,"href":"https:\/\/www.sudoestehoje.com.br\/novoportal\/wp-json\/wp\/v2\/categories?post=39998"},{"taxonomy":"post_tag","embeddable":true,"href":"https:\/\/www.sudoestehoje.com.br\/novoportal\/wp-json\/wp\/v2\/tags?post=39998"}],"curies":[{"name":"wp","href":"https:\/\/api.w.org\/{rel}","templated":true}]}}