
{"id":3994,"date":"2011-03-25T23:41:59","date_gmt":"2011-03-26T02:41:59","guid":{"rendered":"http:\/\/www.sudoestehoje.com.br\/novoportal\/?p=3994"},"modified":"2011-03-25T23:41:59","modified_gmt":"2011-03-26T02:41:59","slug":"pmdb-confirma-indicacao-de-geddel-para-vice-da-caixa","status":"publish","type":"post","link":"https:\/\/www.sudoestehoje.com.br\/novoportal\/2011\/03\/25\/pmdb-confirma-indicacao-de-geddel-para-vice-da-caixa\/","title":{"rendered":"PMDB CONFIRMA INDICA\u00c7\u00c3O DE GEDDEL PARA VICE DA CAIXA"},"content":{"rendered":"<div>\n<p style=\"text-align: center;\"><img decoding=\"async\" class=\"aligncenter\" src=\"http:\/\/www.bahianoticias.com.br\/fotos\/editor\/Image\/Geddel_Michel_Temer.jpg\" alt=\"\" \/><\/p>\n<p style=\"text-align: center;\"><strong><em>Geddel ocupar\u00e1 uma vice-presid\u00eancia na CEF\u00a0<\/em><\/strong><\/p>\n<p>\u00a0<\/p>\n<p>Enfim, o futuro vice-presidente de Pessoa Jur\u00eddica da Caixa Econ\u00f4mica Federal, Geddel Vieira Lima, foi comunicado que ser\u00e1 nomeado para o cargo. O Minist\u00e9rio da Fazenda anunciou a indica\u00e7\u00e3o do peemedebista baiano no fim da tarde desta quinta-feira (24) <a href=\"http:\/\/www.bahianoticias.com.br\/noticias\/noticia\/2011\/03\/24\/89842,fazenda-confirma-geddel-na-caixa-sem-ele-saber.html\" target=\"_blank\">sem que ele tivesse conhecimento do fato<\/a>. Contudo, por volta das 20h15, o vice-presidente da Rep\u00fablica, Michel Temer, comandante nacional\u00a0licenciado do PMDB,\u00a0ligou para o ex-ministro da Integra\u00e7\u00e3o, que, ap\u00f3s muita especula\u00e7\u00e3o, conquista um espa\u00e7o no governo Dilma Rousseff. BN<\/p>\n<\/div>\n","protected":false},"excerpt":{"rendered":"<p>Geddel ocupar\u00e1 uma vice-presid\u00eancia na CEF\u00a0 \u00a0 Enfim, o futuro vice-presidente de Pessoa Jur\u00eddica da Caixa Econ\u00f4mica Federal, Geddel Vieira Lima, foi comunicado que ser\u00e1 nomeado para o cargo. O Minist\u00e9rio da Fazenda anunciou a indica\u00e7\u00e3o do peemedebista baiano no fim da tarde desta quinta-feira (24) sem que ele tivesse conhecimento do fato. Contudo, por [&hellip;]<\/p>\n","protected":false},"author":2,"featured_media":0,"comment_status":"open","ping_status":"open","sticky":false,"template":"","format":"standard","meta":{"footnotes":"","_links_to":"","_links_to_target":""},"categories":[1],"tags":[],"class_list":["post-3994","post","type-post","status-publish","format-standard","hentry","category-geral"],"views":1355,"_links":{"self":[{"href":"https:\/\/www.sudoestehoje.com.br\/novoportal\/wp-json\/wp\/v2\/posts\/3994","targetHints":{"allow":["GET"]}}],"collection":[{"href":"https:\/\/www.sudoestehoje.com.br\/novoportal\/wp-json\/wp\/v2\/posts"}],"about":[{"href":"https:\/\/www.sudoestehoje.com.br\/novoportal\/wp-json\/wp\/v2\/types\/post"}],"author":[{"embeddable":true,"href":"https:\/\/www.sudoestehoje.com.br\/novoportal\/wp-json\/wp\/v2\/users\/2"}],"replies":[{"embeddable":true,"href":"https:\/\/www.sudoestehoje.com.br\/novoportal\/wp-json\/wp\/v2\/comments?post=3994"}],"version-history":[{"count":2,"href":"https:\/\/www.sudoestehoje.com.br\/novoportal\/wp-json\/wp\/v2\/posts\/3994\/revisions"}],"predecessor-version":[{"id":3996,"href":"https:\/\/www.sudoestehoje.com.br\/novoportal\/wp-json\/wp\/v2\/posts\/3994\/revisions\/3996"}],"wp:attachment":[{"href":"https:\/\/www.sudoestehoje.com.br\/novoportal\/wp-json\/wp\/v2\/media?parent=3994"}],"wp:term":[{"taxonomy":"category","embeddable":true,"href":"https:\/\/www.sudoestehoje.com.br\/novoportal\/wp-json\/wp\/v2\/categories?post=3994"},{"taxonomy":"post_tag","embeddable":true,"href":"https:\/\/www.sudoestehoje.com.br\/novoportal\/wp-json\/wp\/v2\/tags?post=3994"}],"curies":[{"name":"wp","href":"https:\/\/api.w.org\/{rel}","templated":true}]}}