
{"id":3990,"date":"2011-03-24T19:28:06","date_gmt":"2011-03-24T22:28:06","guid":{"rendered":"http:\/\/www.sudoestehoje.com.br\/novoportal\/?p=3990"},"modified":"2011-03-24T19:28:06","modified_gmt":"2011-03-24T22:28:06","slug":"itapetinga-azaleia-pode-dar-ferias-coletivas-a-12-mil-funcionarios","status":"publish","type":"post","link":"https:\/\/www.sudoestehoje.com.br\/novoportal\/2011\/03\/24\/itapetinga-azaleia-pode-dar-ferias-coletivas-a-12-mil-funcionarios\/","title":{"rendered":"ITAPETINGA: AZAL\u00c9IA PODE DAR F\u00c9RIAS COLETIVAS A 12 MIL FUNCION\u00c1RIOS"},"content":{"rendered":"<p style=\"text-align: center;\"><img decoding=\"async\" src=\"http:\/\/www.macaraninews.com.br\/wp-content\/uploads\/2011\/03\/ce.jpg\" alt=\"\" \/><\/p>\n<p style=\"text-align: center;\"><em><strong>Funcion\u00e1rios est\u00e3o apreensivos com a possibilidade de demiss\u00f5es<\/strong><\/em><\/p>\n<p>\u00a0<\/p>\n<p>ITAPETINGA:\u00a0 As especula\u00e7\u00f5es andaram soltas na f\u00e1brica Vulcabras\/Azal\u00e9ia , nesta quinta-feira (23). Segundo informa\u00e7\u00f5es n\u00e3o oficiais, \u00a0a empresa estuda a possibilidade de fechar a f\u00e1brica por 30 dias, dando f\u00e9rias coletivas para seus 12 mil funcion\u00e1rios.<\/p>\n<p>N\u00e3o est\u00e1 claro o objetivo da medida, mas h\u00e1 quem aposte que a ind\u00fastria quer pressionar o governo em busca de mais incentivos fiscais, ou ganhar tempo para reestruturar a f\u00e1brica, com a demiss\u00e3o de\u00a04 ou 5\u00a0mil funcion\u00e1rios, como vem sendo ventilado por assessores da empresa.<\/p>\n<p>Esta semana foi dado sinal verde para os gerentes de divis\u00f5es indicarem os nomes dos trabalhadores que entrar\u00e3o de f\u00e9rias nos galp\u00f5es que est\u00e3o com excesso de produ\u00e7\u00e3o ou sem encomendas. Caso se confirmem essas demiss\u00f5es, as consequ\u00eancias ser\u00e3o desastrosa para a economia local e regional.\u00a0Com informa\u00e7\u00f5es do Itapetinga Net<\/p>\n","protected":false},"excerpt":{"rendered":"<p>Funcion\u00e1rios est\u00e3o apreensivos com a possibilidade de demiss\u00f5es \u00a0 ITAPETINGA:\u00a0 As especula\u00e7\u00f5es andaram soltas na f\u00e1brica Vulcabras\/Azal\u00e9ia , nesta quinta-feira (23). Segundo informa\u00e7\u00f5es n\u00e3o oficiais, \u00a0a empresa estuda a possibilidade de fechar a f\u00e1brica por 30 dias, dando f\u00e9rias coletivas para seus 12 mil funcion\u00e1rios. N\u00e3o est\u00e1 claro o objetivo da medida, mas h\u00e1 quem [&hellip;]<\/p>\n","protected":false},"author":2,"featured_media":0,"comment_status":"open","ping_status":"open","sticky":false,"template":"","format":"standard","meta":{"footnotes":"","_links_to":"","_links_to_target":""},"categories":[1],"tags":[],"class_list":["post-3990","post","type-post","status-publish","format-standard","hentry","category-geral"],"views":1724,"_links":{"self":[{"href":"https:\/\/www.sudoestehoje.com.br\/novoportal\/wp-json\/wp\/v2\/posts\/3990","targetHints":{"allow":["GET"]}}],"collection":[{"href":"https:\/\/www.sudoestehoje.com.br\/novoportal\/wp-json\/wp\/v2\/posts"}],"about":[{"href":"https:\/\/www.sudoestehoje.com.br\/novoportal\/wp-json\/wp\/v2\/types\/post"}],"author":[{"embeddable":true,"href":"https:\/\/www.sudoestehoje.com.br\/novoportal\/wp-json\/wp\/v2\/users\/2"}],"replies":[{"embeddable":true,"href":"https:\/\/www.sudoestehoje.com.br\/novoportal\/wp-json\/wp\/v2\/comments?post=3990"}],"version-history":[{"count":3,"href":"https:\/\/www.sudoestehoje.com.br\/novoportal\/wp-json\/wp\/v2\/posts\/3990\/revisions"}],"predecessor-version":[{"id":3993,"href":"https:\/\/www.sudoestehoje.com.br\/novoportal\/wp-json\/wp\/v2\/posts\/3990\/revisions\/3993"}],"wp:attachment":[{"href":"https:\/\/www.sudoestehoje.com.br\/novoportal\/wp-json\/wp\/v2\/media?parent=3990"}],"wp:term":[{"taxonomy":"category","embeddable":true,"href":"https:\/\/www.sudoestehoje.com.br\/novoportal\/wp-json\/wp\/v2\/categories?post=3990"},{"taxonomy":"post_tag","embeddable":true,"href":"https:\/\/www.sudoestehoje.com.br\/novoportal\/wp-json\/wp\/v2\/tags?post=3990"}],"curies":[{"name":"wp","href":"https:\/\/api.w.org\/{rel}","templated":true}]}}