
{"id":39898,"date":"2014-08-09T11:34:32","date_gmt":"2014-08-09T14:34:32","guid":{"rendered":"http:\/\/www.sudoestehoje.com.br\/novoportal\/?p=39898"},"modified":"2014-08-09T11:34:32","modified_gmt":"2014-08-09T14:34:32","slug":"liderancas-de-condeuba-reafirmam-apoio-a-herzem-gusmao","status":"publish","type":"post","link":"https:\/\/www.sudoestehoje.com.br\/novoportal\/2014\/08\/09\/liderancas-de-condeuba-reafirmam-apoio-a-herzem-gusmao\/","title":{"rendered":"LIDERAN\u00c7AS DE CONDE\u00daBA REAFIRMAM APOIO A HERZEM GUSM\u00c3O"},"content":{"rendered":"<p><b><a href=\"http:\/\/www.sudoestehoje.com.br\/novoportal\/wp-content\/uploads\/2014\/08\/DSC_2030.jpg\"><img loading=\"lazy\" decoding=\"async\" class=\"aligncenter size-medium wp-image-39899\" alt=\"DSC_2030\" src=\"http:\/\/www.sudoestehoje.com.br\/novoportal\/wp-content\/uploads\/2014\/08\/DSC_2030.jpg\" width=\"1\" height=\"1\" \/><\/a>\u00a0<img decoding=\"async\" class=\"aligncenter\" alt=\"\" src=\"https:\/\/scontent-a-ord.xx.fbcdn.net\/hphotos-xpf1\/t1.0-9\/983769_677957615628976_4043353053437925028_n.jpg\" width=\"500\" \/><\/b><\/p>\n<p id=\"yui_3_16_0_1_1407593175839_9435\">Em busca de conhecer melhor as necessidades da regi\u00e3o Sudoeste, candidato a Deputado Estadual Herzem Gusm\u00e3o (PMDB), esteve no munic\u00edpiode Conde\u00faba, no fim da tarde desta sexta-feira (8), para conversar com lideran\u00e7as locais, como o ex-prefeito Od\u00edlio Ribeiro e o vereador Silvan Baleeiro. Na oportunidade, Herzem pode ouvir e discutir sobre as quest\u00f5es que mais afligem a popula\u00e7\u00e3o condeubense.<\/p>\n<p id=\"yui_3_16_0_1_1407593175839_9436\">Herzem Gusm\u00e3o iniciou a reuni\u00e3o falando da import\u00e2ncia de escutar da pr\u00f3pria comunidade os seus anseios. \u201cEstou aqui para escutar voc\u00eas, pois vejo que todos aqui esperam alguma coisa boa e que traga beneficio para a popula\u00e7\u00e3o\u201d, disse o peemedebista.<\/p>\n<p><img decoding=\"async\" class=\"aligncenter\" alt=\"\" src=\"https:\/\/scontent-b-ord.xx.fbcdn.net\/hphotos-xpf1\/t1.0-9\/10559726_677958368962234_5434711735200388612_n.jpg\" width=\"500\" \/><\/p>\n<p id=\"yui_3_16_0_1_1407593175839_9438\">Em seguida, o ex-prefeito Od\u00edlio Ribeiro reafirmou a import\u00e2ncia de apoiar o futuro Deputado Estadual para os demais l\u00edderes da oposi\u00e7\u00e3o local. \u201cEu sei que Herzem vai trabalhar muito por n\u00f3s, porque ele \u00e9 uma pessoa que n\u00f3s podemos confiar. J\u00e1 o conhecemos h\u00e1 bastante tempo, por isso, temos certeza que n\u00e3o vamos ficar desamparados\u201d, ressaltou. \u201cA\u00e9cio Neves, Geddel, Paulo Souto, L\u00facio e Herzem. Acredito que n\u00e3o tinha chapa melhor pra gente\u201d, completou.<!--more--><\/p>\n<p>J\u00e1 o Vereador Silvan Baleeiro, outro apoiador de Herzem Gusm\u00e3o, lembrou da import\u00e2ncia da uni\u00e3o das lideran\u00e7as oposicionistas da cidade. \u201cNosso grupo \u00e9 muito tradicional aqui. Meu pai foi eleito por esse grupo, que tamb\u00e9m elegeu Od\u00edlio Ribeiro como prefeito e tantos outros vereadores. Ent\u00e3o, estamos \u00e0 disposi\u00e7\u00e3o para trabalhar com nosso Deputado Estadual Herzem Gusm\u00e3o\u201d.<\/p>\n<p id=\"yui_3_16_0_1_1407593175839_9442\">Nesse sentido, Herzem reafirmou seu compromisso em trabalhar em prol de melhorias para Conde\u00faba. \u201cChegar aqui avalizado por pessoas como Od\u00edlio, Silvan e o Capit\u00e3o Cez\u00e1r, me deixa \u00e0 vontade. N\u00f3s de Vit\u00f3ria da Conquista precisamos cuidar mais de nossas cidades co-irm\u00e3s. E eu garanto aqui que vou representar Conde\u00faba e regi\u00e3o nas principais quest\u00f5es, como sa\u00fade, seguran\u00e7a, educa\u00e7\u00e3o, \u00e1gua e a estrada pra Cacul\u00e9, que \u00e9 uma luta antiga. E coloco tamb\u00e9m a ajuda de Paulo Souto e Geddel, pois juntos iremos fazer um grande mandato\u201d. Ascom<\/p>\n","protected":false},"excerpt":{"rendered":"<p>\u00a0 Em busca de conhecer melhor as necessidades da regi\u00e3o Sudoeste, candidato a Deputado Estadual Herzem Gusm\u00e3o (PMDB), esteve no munic\u00edpiode Conde\u00faba, no fim da tarde desta sexta-feira (8), para conversar com lideran\u00e7as locais, como o ex-prefeito Od\u00edlio Ribeiro e o vereador Silvan Baleeiro. Na oportunidade, Herzem pode ouvir e discutir sobre as quest\u00f5es que [&hellip;]<\/p>\n","protected":false},"author":2,"featured_media":0,"comment_status":"open","ping_status":"open","sticky":false,"template":"","format":"standard","meta":{"footnotes":"","_links_to":"","_links_to_target":""},"categories":[1],"tags":[],"class_list":["post-39898","post","type-post","status-publish","format-standard","hentry","category-geral"],"views":1156,"_links":{"self":[{"href":"https:\/\/www.sudoestehoje.com.br\/novoportal\/wp-json\/wp\/v2\/posts\/39898","targetHints":{"allow":["GET"]}}],"collection":[{"href":"https:\/\/www.sudoestehoje.com.br\/novoportal\/wp-json\/wp\/v2\/posts"}],"about":[{"href":"https:\/\/www.sudoestehoje.com.br\/novoportal\/wp-json\/wp\/v2\/types\/post"}],"author":[{"embeddable":true,"href":"https:\/\/www.sudoestehoje.com.br\/novoportal\/wp-json\/wp\/v2\/users\/2"}],"replies":[{"embeddable":true,"href":"https:\/\/www.sudoestehoje.com.br\/novoportal\/wp-json\/wp\/v2\/comments?post=39898"}],"version-history":[{"count":3,"href":"https:\/\/www.sudoestehoje.com.br\/novoportal\/wp-json\/wp\/v2\/posts\/39898\/revisions"}],"predecessor-version":[{"id":39902,"href":"https:\/\/www.sudoestehoje.com.br\/novoportal\/wp-json\/wp\/v2\/posts\/39898\/revisions\/39902"}],"wp:attachment":[{"href":"https:\/\/www.sudoestehoje.com.br\/novoportal\/wp-json\/wp\/v2\/media?parent=39898"}],"wp:term":[{"taxonomy":"category","embeddable":true,"href":"https:\/\/www.sudoestehoje.com.br\/novoportal\/wp-json\/wp\/v2\/categories?post=39898"},{"taxonomy":"post_tag","embeddable":true,"href":"https:\/\/www.sudoestehoje.com.br\/novoportal\/wp-json\/wp\/v2\/tags?post=39898"}],"curies":[{"name":"wp","href":"https:\/\/api.w.org\/{rel}","templated":true}]}}