
{"id":39823,"date":"2014-08-07T17:48:07","date_gmt":"2014-08-07T20:48:07","guid":{"rendered":"http:\/\/www.sudoestehoje.com.br\/novoportal\/?p=39823"},"modified":"2014-08-07T17:48:07","modified_gmt":"2014-08-07T20:48:07","slug":"profissao-de-advogado-paralegal-e-aprovada-na-camara","status":"publish","type":"post","link":"https:\/\/www.sudoestehoje.com.br\/novoportal\/2014\/08\/07\/profissao-de-advogado-paralegal-e-aprovada-na-camara\/","title":{"rendered":"PROFISS\u00c3O DE ADVOGADO &#8220;PARALEGAL&#8221; \u00c9 APROVADA NA C\u00c2MARA"},"content":{"rendered":"<p><img decoding=\"async\" class=\"aligncenter\" alt=\"\" src=\"http:\/\/1.bp.blogspot.com\/-lfCepMYm3s8\/U9llehvPWCI\/AAAAAAAAG08\/kmV1n_IFd3U\/s1600\/candidatos-eleicoes-oab.png\" width=\"500\" \/><\/p>\n<p>Concluintes do curso de Direito que ainda n\u00e3o obtiveram a carteira da Ordem dos Advogados do Brasil (OAB-BA) poder\u00e3o atuar como assistentes nos escrit\u00f3rios de advocacia. Nesta quarta-feira (6), a Comiss\u00e3o de Constitui\u00e7\u00e3o e Justi\u00e7a e de Cidadania da C\u00e2mara dos Deputados deu uma passo na concretiza\u00e7\u00e3o do posto e aprovou o projeto que cria a profiss\u00e3o de advogado paralegal.<\/p>\n<p>Caso a iniciativa que modifica o Estatuto da Advocacia (Lei 8.906\/94) seja sancionada pela presidente Dilma Rousseff, o \u201cparalegal\u201d poder\u00e1 exercer as mesmas atividades de um estagi\u00e1rio de advocacia, ou seja, trabalhar na \u00e1rea em conjunto com advogado e sob responsabilidade deste.<\/p>\n<p>Os requisitos para ser um paralegal \u00e9 ter capacidade civil e idoneidade moral comprovada, possuir diploma ou certid\u00e3o de gradua\u00e7\u00e3o em Direito, ter t\u00edtulo de eleitor e quita\u00e7\u00e3o do servi\u00e7o militar, e n\u00e3o agregar atividade incompat\u00edvel com a advocacia. Informa\u00e7\u00f5es da Ag\u00eancia C\u00e2mara.<\/p>\n","protected":false},"excerpt":{"rendered":"<p>Concluintes do curso de Direito que ainda n\u00e3o obtiveram a carteira da Ordem dos Advogados do Brasil (OAB-BA) poder\u00e3o atuar como assistentes nos escrit\u00f3rios de advocacia. Nesta quarta-feira (6), a Comiss\u00e3o de Constitui\u00e7\u00e3o e Justi\u00e7a e de Cidadania da C\u00e2mara dos Deputados deu uma passo na concretiza\u00e7\u00e3o do posto e aprovou o projeto que cria [&hellip;]<\/p>\n","protected":false},"author":2,"featured_media":0,"comment_status":"open","ping_status":"open","sticky":false,"template":"","format":"standard","meta":{"footnotes":"","_links_to":"","_links_to_target":""},"categories":[1],"tags":[],"class_list":["post-39823","post","type-post","status-publish","format-standard","hentry","category-geral"],"views":1215,"_links":{"self":[{"href":"https:\/\/www.sudoestehoje.com.br\/novoportal\/wp-json\/wp\/v2\/posts\/39823","targetHints":{"allow":["GET"]}}],"collection":[{"href":"https:\/\/www.sudoestehoje.com.br\/novoportal\/wp-json\/wp\/v2\/posts"}],"about":[{"href":"https:\/\/www.sudoestehoje.com.br\/novoportal\/wp-json\/wp\/v2\/types\/post"}],"author":[{"embeddable":true,"href":"https:\/\/www.sudoestehoje.com.br\/novoportal\/wp-json\/wp\/v2\/users\/2"}],"replies":[{"embeddable":true,"href":"https:\/\/www.sudoestehoje.com.br\/novoportal\/wp-json\/wp\/v2\/comments?post=39823"}],"version-history":[{"count":2,"href":"https:\/\/www.sudoestehoje.com.br\/novoportal\/wp-json\/wp\/v2\/posts\/39823\/revisions"}],"predecessor-version":[{"id":39825,"href":"https:\/\/www.sudoestehoje.com.br\/novoportal\/wp-json\/wp\/v2\/posts\/39823\/revisions\/39825"}],"wp:attachment":[{"href":"https:\/\/www.sudoestehoje.com.br\/novoportal\/wp-json\/wp\/v2\/media?parent=39823"}],"wp:term":[{"taxonomy":"category","embeddable":true,"href":"https:\/\/www.sudoestehoje.com.br\/novoportal\/wp-json\/wp\/v2\/categories?post=39823"},{"taxonomy":"post_tag","embeddable":true,"href":"https:\/\/www.sudoestehoje.com.br\/novoportal\/wp-json\/wp\/v2\/tags?post=39823"}],"curies":[{"name":"wp","href":"https:\/\/api.w.org\/{rel}","templated":true}]}}