
{"id":39818,"date":"2014-08-07T12:43:17","date_gmt":"2014-08-07T15:43:17","guid":{"rendered":"http:\/\/www.sudoestehoje.com.br\/novoportal\/?p=39818"},"modified":"2014-08-07T12:43:17","modified_gmt":"2014-08-07T15:43:17","slug":"comeca-a-valer-multa-para-quem-nao-assinar-carteira-de-domestica","status":"publish","type":"post","link":"https:\/\/www.sudoestehoje.com.br\/novoportal\/2014\/08\/07\/comeca-a-valer-multa-para-quem-nao-assinar-carteira-de-domestica\/","title":{"rendered":"COME\u00c7A A VALER MULTA PARA QUEM N\u00c3O ASSINAR CARTEIRA DE DOM\u00c9STICA"},"content":{"rendered":"<p><img decoding=\"async\" class=\"aligncenter\" alt=\"\" src=\"http:\/\/www.grupocredencial.com.br\/blog\/wp-content\/uploads\/2011\/05\/ECONOMIA4_1.jpg\" width=\"500\" \/><\/p>\n<p>A partir de hoje (7), a informalidade do trabalhador dom\u00e9stico pode resultar em multa de at\u00e9 R$ 805,06 para o patr\u00e3o. A previs\u00e3o est\u00e1 na Lei 12.964\/14.\u00a0 Segundo dados da Pesquisa Nacional de Amostra por Domic\u00edlio (Pnad) 2012, do Instituto Brasileiro de Geografia e Estat\u00edstica (IBGE), dos 6,35 milh\u00f5es de dom\u00e9sticos no Brasil, 4,45 milh\u00f5es (70% da categoria) s\u00e3o informais.<\/p>\n<p>O Minist\u00e9rio do Trabalho far\u00e1 a fiscaliza\u00e7\u00e3o por meio de den\u00fancias. Para fazer uma den\u00fancia, o trabalhador, um parente ou pessoa pr\u00f3xima deve procurar uma unidade regional do minist\u00e9rio \u2013 Ag\u00eancia do Trabalhador, Delegacia do Trabalho, Superintend\u00eancia Regional do Trabalho \u2013 onde ter\u00e1 de preencher um formul\u00e1rio com os dados do empregador. O patr\u00e3o ser\u00e1 notificado a comparecer a uma Delegacia do Trabalho para prestar esclarecimentos. \u201cCaso o empregador n\u00e3o compare\u00e7a, a den\u00fancia ser\u00e1 encaminhada ao Minist\u00e9rio P\u00fablico do Trabalho para que tome as provid\u00eancias cab\u00edveis\u201d, garantiu o coordenador-geral de Recursos, da Secretaria de Inspe\u00e7\u00e3o do Trabalho, Roberto Le\u00e3o.<\/p>\n<p>Segundo ele, n\u00e3o haver\u00e1 fiscaliza\u00e7\u00e3o nas resid\u00eancias. \u201cEm momento nenhum a gente vai fiscalizar a casa das pessoas. De acordo com o Artigo 5\u00ba da Constitui\u00e7\u00e3o Federal, o lar \u00e9 inviol\u00e1vel. As pessoas n\u00e3o podem ingressar a n\u00e3o ser que tenham autoriza\u00e7\u00e3o judicial\u201d, esclareceu \u00e0\u00a0<em>Ag\u00eancia Brasil<\/em>.<\/p>\n","protected":false},"excerpt":{"rendered":"<p>A partir de hoje (7), a informalidade do trabalhador dom\u00e9stico pode resultar em multa de at\u00e9 R$ 805,06 para o patr\u00e3o. A previs\u00e3o est\u00e1 na Lei 12.964\/14.\u00a0 Segundo dados da Pesquisa Nacional de Amostra por Domic\u00edlio (Pnad) 2012, do Instituto Brasileiro de Geografia e Estat\u00edstica (IBGE), dos 6,35 milh\u00f5es de dom\u00e9sticos no Brasil, 4,45 milh\u00f5es [&hellip;]<\/p>\n","protected":false},"author":2,"featured_media":0,"comment_status":"open","ping_status":"open","sticky":false,"template":"","format":"standard","meta":{"footnotes":"","_links_to":"","_links_to_target":""},"categories":[1],"tags":[],"class_list":["post-39818","post","type-post","status-publish","format-standard","hentry","category-geral"],"views":1055,"_links":{"self":[{"href":"https:\/\/www.sudoestehoje.com.br\/novoportal\/wp-json\/wp\/v2\/posts\/39818","targetHints":{"allow":["GET"]}}],"collection":[{"href":"https:\/\/www.sudoestehoje.com.br\/novoportal\/wp-json\/wp\/v2\/posts"}],"about":[{"href":"https:\/\/www.sudoestehoje.com.br\/novoportal\/wp-json\/wp\/v2\/types\/post"}],"author":[{"embeddable":true,"href":"https:\/\/www.sudoestehoje.com.br\/novoportal\/wp-json\/wp\/v2\/users\/2"}],"replies":[{"embeddable":true,"href":"https:\/\/www.sudoestehoje.com.br\/novoportal\/wp-json\/wp\/v2\/comments?post=39818"}],"version-history":[{"count":1,"href":"https:\/\/www.sudoestehoje.com.br\/novoportal\/wp-json\/wp\/v2\/posts\/39818\/revisions"}],"predecessor-version":[{"id":39819,"href":"https:\/\/www.sudoestehoje.com.br\/novoportal\/wp-json\/wp\/v2\/posts\/39818\/revisions\/39819"}],"wp:attachment":[{"href":"https:\/\/www.sudoestehoje.com.br\/novoportal\/wp-json\/wp\/v2\/media?parent=39818"}],"wp:term":[{"taxonomy":"category","embeddable":true,"href":"https:\/\/www.sudoestehoje.com.br\/novoportal\/wp-json\/wp\/v2\/categories?post=39818"},{"taxonomy":"post_tag","embeddable":true,"href":"https:\/\/www.sudoestehoje.com.br\/novoportal\/wp-json\/wp\/v2\/tags?post=39818"}],"curies":[{"name":"wp","href":"https:\/\/api.w.org\/{rel}","templated":true}]}}