
{"id":39801,"date":"2014-08-06T14:38:58","date_gmt":"2014-08-06T17:38:58","guid":{"rendered":"http:\/\/www.sudoestehoje.com.br\/novoportal\/?p=39801"},"modified":"2014-08-06T21:43:42","modified_gmt":"2014-08-07T00:43:42","slug":"que-vergonha-ze-carlos-2","status":"publish","type":"post","link":"https:\/\/www.sudoestehoje.com.br\/novoportal\/2014\/08\/06\/que-vergonha-ze-carlos-2\/","title":{"rendered":"QUE VERGONHA, Z\u00c9 CARLOS&#8230;"},"content":{"rendered":"<p><img decoding=\"async\" class=\"aligncenter\" alt=\"\" src=\"http:\/\/www.sudoestehoje.com.br\/novoportal\/wp-content\/uploads\/2013\/12\/GEDC0260.jpg\" width=\"500\" \/><\/p>\n<p style=\"text-align: center;\"><em>Em julho de 2013, em Itoror\u00f3, Wagner autorizou &#8220;instala\u00e7\u00e3o imediata&#8221; \u00a0de uma nova f\u00e1brica para o galp\u00e3o abandonado do distrito de Bandeira do Col\u00f4nia e at\u00e9 hoje nada aconteceu. Um enorme desrespeito \u00e0 popula\u00e7\u00e3o de Itapetinga e desprest\u00edgio para o prefeito Z\u00e9 Carlos.<\/em><\/p>\n<p>ITAPETINGA: Eleito e reeleito prefeito da maior e mais importante cidade da micro regi\u00e3o, o prefeito petista de Itapetinga, Jos\u00e9 Carlos Moura, acabou se transformando em mero coadjuvante no cen\u00e1rio pol\u00edtico regional, pela sua inaptid\u00e3o para o trabalho e total desleixo e omiss\u00e3o no trato com a coisa p\u00fablica.<\/p>\n<p>Basta olhar para os munic\u00edpios vizinhos, como Itoror\u00f3, Itamb\u00e9, Firmino Alves, Itarantim, Macarani e Caatiba, onde os prefeitos correram atr\u00e1s do preju\u00edzo causado pela sa\u00edda da Azal\u00e9ia e est\u00e3o trazendo novas ind\u00fastrias para suas cidades, para perceber a falta de a\u00e7\u00e3o e perda de lideran\u00e7a do prefeito de Itapetinga, que nada consegue com o governo, por absoluta falta de iniciativa.<\/p>\n<p><img decoding=\"async\" class=\"aligncenter\" alt=\"\" src=\"http:\/\/itororoja.com.br\/wp-content\/uploads\/2014\/01\/lia.jpg\" \/><\/p>\n<p style=\"text-align: center;\"><em>Faixa afixada no galp\u00e3o de Bandeira agradece empregos que n\u00e3o vieram&#8230;<\/em><\/p>\n<p>Nos lan\u00e7amentos das f\u00e1bricas da Lia Line e\u00a0B\u00e1rbara Kr\u00e1s Cal\u00e7ados, em Itoror\u00f3, Itamb\u00e9, Caatiba e Firmino Alves, l\u00e1 estava Z\u00e9 Carlos no palanque, ocupando o vergonhosa posi\u00e7\u00e3o de prefeito de segunda categoria, enquanto os seus colegas dos pequenos munic\u00edpios da regi\u00e3o, faziam a festa.<\/p>\n<p>Feito um zumbi, corre h\u00e1 seis anos atr\u00e1s de um IML que nunca vem, e de um SAC que o governador declarou &#8216;n\u00e3o se lembrar&#8217;, quando foi abordado pelo vereador Alfredo Cabral, ontem em Caatiba.\u00a0Deve ser por esta e outras, que o governo da Bahia colocou Itapetinga no rol dos esquecidos.<\/p>\n<p>Sem nenhuma perspectiva de conseguir alguma coisa junto ao governo estadual que chaga ao fim, \u00e9 certo que as promessas ser\u00e3o renovadas nessas elei\u00e7\u00f5es, para serem cumpridas no dia de &#8216;S\u00e3o Nunca&#8217;, como de praxe&#8230;<\/p>\n<p><a href=\"http:\/\/www.diariobahia.com.br\/noticias\/em-destaque\/4576-fabricas-geram-1-200-empregos-em-itororo-itapetinga-e-firmino-alves.html\">Confira aqui a promessa de Wagner e Z\u00e9 carlos<\/a><\/p>\n<p><strong><em>Por Davi Ferraz<\/em><\/strong><\/p>\n","protected":false},"excerpt":{"rendered":"<p>Em julho de 2013, em Itoror\u00f3, Wagner autorizou &#8220;instala\u00e7\u00e3o imediata&#8221; \u00a0de uma nova f\u00e1brica para o galp\u00e3o abandonado do distrito de Bandeira do Col\u00f4nia e at\u00e9 hoje nada aconteceu. Um enorme desrespeito \u00e0 popula\u00e7\u00e3o de Itapetinga e desprest\u00edgio para o prefeito Z\u00e9 Carlos. ITAPETINGA: Eleito e reeleito prefeito da maior e mais importante cidade da [&hellip;]<\/p>\n","protected":false},"author":2,"featured_media":0,"comment_status":"open","ping_status":"open","sticky":false,"template":"","format":"standard","meta":{"footnotes":"","_links_to":"","_links_to_target":""},"categories":[1],"tags":[],"class_list":["post-39801","post","type-post","status-publish","format-standard","hentry","category-geral"],"views":1158,"_links":{"self":[{"href":"https:\/\/www.sudoestehoje.com.br\/novoportal\/wp-json\/wp\/v2\/posts\/39801","targetHints":{"allow":["GET"]}}],"collection":[{"href":"https:\/\/www.sudoestehoje.com.br\/novoportal\/wp-json\/wp\/v2\/posts"}],"about":[{"href":"https:\/\/www.sudoestehoje.com.br\/novoportal\/wp-json\/wp\/v2\/types\/post"}],"author":[{"embeddable":true,"href":"https:\/\/www.sudoestehoje.com.br\/novoportal\/wp-json\/wp\/v2\/users\/2"}],"replies":[{"embeddable":true,"href":"https:\/\/www.sudoestehoje.com.br\/novoportal\/wp-json\/wp\/v2\/comments?post=39801"}],"version-history":[{"count":7,"href":"https:\/\/www.sudoestehoje.com.br\/novoportal\/wp-json\/wp\/v2\/posts\/39801\/revisions"}],"predecessor-version":[{"id":39809,"href":"https:\/\/www.sudoestehoje.com.br\/novoportal\/wp-json\/wp\/v2\/posts\/39801\/revisions\/39809"}],"wp:attachment":[{"href":"https:\/\/www.sudoestehoje.com.br\/novoportal\/wp-json\/wp\/v2\/media?parent=39801"}],"wp:term":[{"taxonomy":"category","embeddable":true,"href":"https:\/\/www.sudoestehoje.com.br\/novoportal\/wp-json\/wp\/v2\/categories?post=39801"},{"taxonomy":"post_tag","embeddable":true,"href":"https:\/\/www.sudoestehoje.com.br\/novoportal\/wp-json\/wp\/v2\/tags?post=39801"}],"curies":[{"name":"wp","href":"https:\/\/api.w.org\/{rel}","templated":true}]}}