
{"id":398,"date":"2010-08-04T19:00:22","date_gmt":"2010-08-04T22:00:22","guid":{"rendered":"http:\/\/sudoestehoje.tempsite.ws\/novoportal\/?p=398"},"modified":"2010-09-18T15:21:17","modified_gmt":"2010-09-18T18:21:17","slug":"brasilia-registro-de-candidatura-de-roriz-e-negado-pelo-tre","status":"publish","type":"post","link":"https:\/\/www.sudoestehoje.com.br\/novoportal\/2010\/08\/04\/brasilia-registro-de-candidatura-de-roriz-e-negado-pelo-tre\/","title":{"rendered":"BRASILIA: REGISTRO DE CANDIDATURA DE RORIZ \u00c9 NEGADO PELO TRE"},"content":{"rendered":"<div>\n<div style=\"text-align: center;\"><img loading=\"lazy\" decoding=\"async\" src=\"http:\/\/www.bahianoticias.com.br\/fotos\/editor\/Image\/joaquim_roriz_jpg.jpeg\" border=\"0\" alt=\"\" width=\"350\" height=\"260\" \/><\/div>\n<p style=\"text-align: center;\"><em>Joaquim\u00a0Roriz renunciou ao mandato de senador em 2007<\/em><\/p>\n<p>O  desembargadores do Tribunal Regional Eleitoral do Distrito Federal  vetaram, por quatro votos a dois, o registro de candidatura de Joaquim  Roriz (PSC) a governador do Distrito Federal (DF).\u00a0Os votos dos  magistrados que negaram o registro ao ex-governador foram dados com base  na Lei da Ficha Limpa, que veta a candidatura de pol\u00edticos condenados  em decis\u00e3o colegiada da Justi\u00e7a ou que renunciaram ao mandato para n\u00e3o  responderem a processo de cassa\u00e7\u00e3o. Roriz, l\u00edder nas pesquisas de  inten\u00e7\u00e3o de voto, era postulante ao Pal\u00e1cio do Buriti pela coliga\u00e7\u00e3o  Esperan\u00e7a Renovada, e enfrentava tr\u00eas pedidos de impugna\u00e7\u00f5es na corte. O  pol\u00edtico poder\u00e1 recorrer ao Tribunal Superior Eleitoral (TSE). BN<\/p>\n<\/div>\n","protected":false},"excerpt":{"rendered":"<p>Joaquim\u00a0Roriz renunciou ao mandato de senador em 2007 O desembargadores do Tribunal Regional Eleitoral do Distrito Federal vetaram, por quatro votos a dois, o registro de candidatura de Joaquim Roriz (PSC) a governador do Distrito Federal (DF).\u00a0Os votos dos magistrados que negaram o registro ao ex-governador foram dados com base na Lei da Ficha Limpa, [&hellip;]<\/p>\n","protected":false},"author":1,"featured_media":0,"comment_status":"open","ping_status":"open","sticky":false,"template":"","format":"standard","meta":{"footnotes":"","_links_to":"","_links_to_target":""},"categories":[1],"tags":[],"class_list":["post-398","post","type-post","status-publish","format-standard","hentry","category-geral"],"views":1281,"_links":{"self":[{"href":"https:\/\/www.sudoestehoje.com.br\/novoportal\/wp-json\/wp\/v2\/posts\/398","targetHints":{"allow":["GET"]}}],"collection":[{"href":"https:\/\/www.sudoestehoje.com.br\/novoportal\/wp-json\/wp\/v2\/posts"}],"about":[{"href":"https:\/\/www.sudoestehoje.com.br\/novoportal\/wp-json\/wp\/v2\/types\/post"}],"author":[{"embeddable":true,"href":"https:\/\/www.sudoestehoje.com.br\/novoportal\/wp-json\/wp\/v2\/users\/1"}],"replies":[{"embeddable":true,"href":"https:\/\/www.sudoestehoje.com.br\/novoportal\/wp-json\/wp\/v2\/comments?post=398"}],"version-history":[{"count":1,"href":"https:\/\/www.sudoestehoje.com.br\/novoportal\/wp-json\/wp\/v2\/posts\/398\/revisions"}],"predecessor-version":[{"id":399,"href":"https:\/\/www.sudoestehoje.com.br\/novoportal\/wp-json\/wp\/v2\/posts\/398\/revisions\/399"}],"wp:attachment":[{"href":"https:\/\/www.sudoestehoje.com.br\/novoportal\/wp-json\/wp\/v2\/media?parent=398"}],"wp:term":[{"taxonomy":"category","embeddable":true,"href":"https:\/\/www.sudoestehoje.com.br\/novoportal\/wp-json\/wp\/v2\/categories?post=398"},{"taxonomy":"post_tag","embeddable":true,"href":"https:\/\/www.sudoestehoje.com.br\/novoportal\/wp-json\/wp\/v2\/tags?post=398"}],"curies":[{"name":"wp","href":"https:\/\/api.w.org\/{rel}","templated":true}]}}