
{"id":39792,"date":"2014-08-06T12:58:25","date_gmt":"2014-08-06T15:58:25","guid":{"rendered":"http:\/\/www.sudoestehoje.com.br\/novoportal\/?p=39792"},"modified":"2014-08-06T12:58:25","modified_gmt":"2014-08-06T15:58:25","slug":"novo-prefeito-de-sao-francisco-do-conde-comeca-a-fazer-mudancas","status":"publish","type":"post","link":"https:\/\/www.sudoestehoje.com.br\/novoportal\/2014\/08\/06\/novo-prefeito-de-sao-francisco-do-conde-comeca-a-fazer-mudancas\/","title":{"rendered":"NOVO PREFEITO DE S\u00c3O FRANCISCO DO CONDE COME\u00c7A A FAZER MUDAN\u00c7AS"},"content":{"rendered":"<div>\n<p><a href=\"http:\/\/www.sudoestehoje.com.br\/novoportal\/wp-content\/uploads\/2014\/08\/evandro.jpg\"><img loading=\"lazy\" decoding=\"async\" class=\"size-full wp-image-39793 alignleft\" alt=\"evandro\" src=\"http:\/\/www.sudoestehoje.com.br\/novoportal\/wp-content\/uploads\/2014\/08\/evandro.jpg\" width=\"300\" height=\"300\" srcset=\"https:\/\/www.sudoestehoje.com.br\/novoportal\/wp-content\/uploads\/2014\/08\/evandro.jpg 300w, https:\/\/www.sudoestehoje.com.br\/novoportal\/wp-content\/uploads\/2014\/08\/evandro-150x150.jpg 150w\" sizes=\"auto, (max-width: 300px) 100vw, 300px\" \/><\/a><\/p>\n<p>Contrariando as expectativas &#8216;otimistas&#8217; do deputado petista Rosemberg Pinto, as coisas mudaram e tendem a mudar\u00a0ainda mais em S\u00e3o Francisco do Conde, com a morte inesperada da prefeita petista Rilza Valentim.<\/p>\n<p>Depois de trocar o chefe de gabinete e cinco secret\u00e1rios municipais nomeados pela ex-prefeita Rilza Valentim (PT), o novo prefeito da cidade de S\u00e3o Francisco do Conde, Evandro Almeida (PP), exonerou o ex-marido de Valentim e secret\u00e1rio de Infraestrutura e Obras, Joaci Pena.<\/p>\n<p>Nos bastidores, corre ainda a informa\u00e7\u00e3o de que o bra\u00e7o direito da ex-chefe do Executivo franciscano e atual secret\u00e1rio da Fazenda, Marivaldo Cruz do Amaral, ser\u00e1 o pr\u00f3ximo a deixar a administra\u00e7\u00e3o do munic\u00edpio da Regi\u00e3o Metropolitana de Salvador (RMS), o mais rico da Bahia em arrecada\u00e7\u00e3o \u2013 R$ 500 milh\u00f5es\/ano \u2013, e do Brasil na compara\u00e7\u00e3o com o Produto Interno Bruto (PIB).<\/p>\n<p>Pelo visto, o sentimento de &#8216;perda&#8217; dos petistas com a morte de Rilza Valentim tem tudo para extrapolar o campo da amizade e la\u00e7os pessoais, pois o &#8216;baque&#8217; foi bem maior do que se imaginava, principalmente para quem vivia pendurado nos cofres milion\u00e1rios do munic\u00edpio, que bancava boa parte das campanhas eleitorais de petistas de todas as esferas, em detrimento da sua miser\u00e1vel popula\u00e7\u00e3o.<\/p>\n<p><strong><em>Por Davi Ferraz\u00a0<\/em><\/strong><\/p>\n<\/div>\n","protected":false},"excerpt":{"rendered":"<p>Contrariando as expectativas &#8216;otimistas&#8217; do deputado petista Rosemberg Pinto, as coisas mudaram e tendem a mudar\u00a0ainda mais em S\u00e3o Francisco do Conde, com a morte inesperada da prefeita petista Rilza Valentim. Depois de trocar o chefe de gabinete e cinco secret\u00e1rios municipais nomeados pela ex-prefeita Rilza Valentim (PT), o novo prefeito da cidade de S\u00e3o [&hellip;]<\/p>\n","protected":false},"author":2,"featured_media":0,"comment_status":"open","ping_status":"open","sticky":false,"template":"","format":"standard","meta":{"footnotes":"","_links_to":"","_links_to_target":""},"categories":[1],"tags":[],"class_list":["post-39792","post","type-post","status-publish","format-standard","hentry","category-geral"],"views":2065,"_links":{"self":[{"href":"https:\/\/www.sudoestehoje.com.br\/novoportal\/wp-json\/wp\/v2\/posts\/39792","targetHints":{"allow":["GET"]}}],"collection":[{"href":"https:\/\/www.sudoestehoje.com.br\/novoportal\/wp-json\/wp\/v2\/posts"}],"about":[{"href":"https:\/\/www.sudoestehoje.com.br\/novoportal\/wp-json\/wp\/v2\/types\/post"}],"author":[{"embeddable":true,"href":"https:\/\/www.sudoestehoje.com.br\/novoportal\/wp-json\/wp\/v2\/users\/2"}],"replies":[{"embeddable":true,"href":"https:\/\/www.sudoestehoje.com.br\/novoportal\/wp-json\/wp\/v2\/comments?post=39792"}],"version-history":[{"count":3,"href":"https:\/\/www.sudoestehoje.com.br\/novoportal\/wp-json\/wp\/v2\/posts\/39792\/revisions"}],"predecessor-version":[{"id":39796,"href":"https:\/\/www.sudoestehoje.com.br\/novoportal\/wp-json\/wp\/v2\/posts\/39792\/revisions\/39796"}],"wp:attachment":[{"href":"https:\/\/www.sudoestehoje.com.br\/novoportal\/wp-json\/wp\/v2\/media?parent=39792"}],"wp:term":[{"taxonomy":"category","embeddable":true,"href":"https:\/\/www.sudoestehoje.com.br\/novoportal\/wp-json\/wp\/v2\/categories?post=39792"},{"taxonomy":"post_tag","embeddable":true,"href":"https:\/\/www.sudoestehoje.com.br\/novoportal\/wp-json\/wp\/v2\/tags?post=39792"}],"curies":[{"name":"wp","href":"https:\/\/api.w.org\/{rel}","templated":true}]}}