
{"id":39785,"date":"2014-08-06T10:05:40","date_gmt":"2014-08-06T13:05:40","guid":{"rendered":"http:\/\/www.sudoestehoje.com.br\/novoportal\/?p=39785"},"modified":"2014-08-06T18:41:23","modified_gmt":"2014-08-06T21:41:23","slug":"39785","status":"publish","type":"post","link":"https:\/\/www.sudoestehoje.com.br\/novoportal\/2014\/08\/06\/39785\/","title":{"rendered":"QUEIROZ FECHA COM JO\u00c3O GUALBERTO E TICOL\u00d4 E COORDENA CAMPANHA DE A\u00c9CIO"},"content":{"rendered":"<div id=\"attachment_39786\" style=\"width: 510px\" class=\"wp-caption aligncenter\"><a href=\"http:\/\/www.sudoestehoje.com.br\/novoportal\/wp-content\/uploads\/2014\/08\/queiroz.jpg\"><img decoding=\"async\" aria-describedby=\"caption-attachment-39786\" class=\" wp-image-39786 \" alt=\"Queiroz participou da reuni\u00e3o do PSDB em Vit\u00f3ria da Conquista e fechou apoio a Ticocl\u00f4 e Jo\u00e3o Gualberto.\" src=\"http:\/\/www.sudoestehoje.com.br\/novoportal\/wp-content\/uploads\/2014\/08\/queiroz.jpg\" width=\"500\" \/><\/a><p id=\"caption-attachment-39786\" class=\"wp-caption-text\">Queiroz participou da reuni\u00e3o do PSDB em Vit\u00f3ria da Conquista e fechou apoio a Ticocl\u00f4 e Jo\u00e3o Gualberto.<\/p><\/div>\n<p>Durante a visita da chapa oposicionista a Vit\u00f3ria da Conquista, na \u00faltima quarta-feira, as lideran\u00e7as regionais do PSDB delegaram ao empres\u00e1rio do ramo \u00f3tico, Gild\u00e1sio Queiroz, a miss\u00e3o de coordenar em Itapetinga a campanha do presidenci\u00e1vel A\u00e9cio Neves, e dos candidatos a deputado federal Jo\u00e3o Gualberto e estadual \u00a0Claudionor Dutra &#8220;Ticol\u00f4&#8221;, ambos do PSDB.<\/p>\n<p>Queiroz informou ao Sudoeste Hoje que o escrit\u00f3rio central da campanha ser\u00e1 na rua JJ Seabra, no centro de Itapetinga, e que \u00a0 a partir do 11 de agosto a campanha de A\u00e9cio, Jo\u00e3o Gualberto e Ticol\u00f4 estar\u00e1 nas ruas e nos bairros da cidade, juntamente com Paulo Souto para governador e Geddel para o sanado. Foto Blog do Rodrigo Ferraz<\/p>\n<p><strong><em>Por Davi Ferraz<\/em><\/strong><\/p>\n<p>&nbsp;<\/p>\n<p><img decoding=\"async\" class=\"aligncenter\" alt=\"\u00d3TICA-ITAPUAN-BANNER1\" src=\"http:\/\/www.sudoestehoje.com.br\/novoportal\/wp-content\/uploads\/2014\/06\/%C3%93TICA-ITAPUAN-BANNER14.jpg\" \/><\/p>\n","protected":false},"excerpt":{"rendered":"<p>Durante a visita da chapa oposicionista a Vit\u00f3ria da Conquista, na \u00faltima quarta-feira, as lideran\u00e7as regionais do PSDB delegaram ao empres\u00e1rio do ramo \u00f3tico, Gild\u00e1sio Queiroz, a miss\u00e3o de coordenar em Itapetinga a campanha do presidenci\u00e1vel A\u00e9cio Neves, e dos candidatos a deputado federal Jo\u00e3o Gualberto e estadual \u00a0Claudionor Dutra &#8220;Ticol\u00f4&#8221;, ambos do PSDB. Queiroz [&hellip;]<\/p>\n","protected":false},"author":2,"featured_media":0,"comment_status":"open","ping_status":"open","sticky":false,"template":"","format":"standard","meta":{"footnotes":"","_links_to":"","_links_to_target":""},"categories":[1],"tags":[],"class_list":["post-39785","post","type-post","status-publish","format-standard","hentry","category-geral"],"views":1144,"_links":{"self":[{"href":"https:\/\/www.sudoestehoje.com.br\/novoportal\/wp-json\/wp\/v2\/posts\/39785","targetHints":{"allow":["GET"]}}],"collection":[{"href":"https:\/\/www.sudoestehoje.com.br\/novoportal\/wp-json\/wp\/v2\/posts"}],"about":[{"href":"https:\/\/www.sudoestehoje.com.br\/novoportal\/wp-json\/wp\/v2\/types\/post"}],"author":[{"embeddable":true,"href":"https:\/\/www.sudoestehoje.com.br\/novoportal\/wp-json\/wp\/v2\/users\/2"}],"replies":[{"embeddable":true,"href":"https:\/\/www.sudoestehoje.com.br\/novoportal\/wp-json\/wp\/v2\/comments?post=39785"}],"version-history":[{"count":6,"href":"https:\/\/www.sudoestehoje.com.br\/novoportal\/wp-json\/wp\/v2\/posts\/39785\/revisions"}],"predecessor-version":[{"id":39807,"href":"https:\/\/www.sudoestehoje.com.br\/novoportal\/wp-json\/wp\/v2\/posts\/39785\/revisions\/39807"}],"wp:attachment":[{"href":"https:\/\/www.sudoestehoje.com.br\/novoportal\/wp-json\/wp\/v2\/media?parent=39785"}],"wp:term":[{"taxonomy":"category","embeddable":true,"href":"https:\/\/www.sudoestehoje.com.br\/novoportal\/wp-json\/wp\/v2\/categories?post=39785"},{"taxonomy":"post_tag","embeddable":true,"href":"https:\/\/www.sudoestehoje.com.br\/novoportal\/wp-json\/wp\/v2\/tags?post=39785"}],"curies":[{"name":"wp","href":"https:\/\/api.w.org\/{rel}","templated":true}]}}