
{"id":39776,"date":"2014-08-05T23:08:48","date_gmt":"2014-08-06T02:08:48","guid":{"rendered":"http:\/\/www.sudoestehoje.com.br\/novoportal\/?p=39776"},"modified":"2014-08-05T23:12:04","modified_gmt":"2014-08-06T02:12:04","slug":"foco-no-poder-5","status":"publish","type":"post","link":"https:\/\/www.sudoestehoje.com.br\/novoportal\/2014\/08\/05\/foco-no-poder-5\/","title":{"rendered":"FOCO NO PODER"},"content":{"rendered":"<div><img decoding=\"async\" class=\"alignleft\" alt=\"\" src=\"http:\/\/teixeiranoar.com.br\/wp-content\/uploads\/2013\/04\/DR-DILVAN.jpg\" \/><\/div>\n<div id=\"yui_3_16_0_1_1407290485607_3313\"><em>Deputado inaugura comit\u00ea pol\u00edtico &#8211;\u00a0<\/em>Depois do sucesso da inaugura\u00e7\u00e3o de comit\u00eas pol\u00edticos em duas cidades do Sudoeste baiano, na regi\u00e3o de Itapetinga, o deputado Tem\u00f3teo Brito vai inaugurar tamb\u00e9m seu comit\u00ea em Teixeira de Freitas no pr\u00f3ximo s\u00e1bado, dia 9 de agosto. Certamente, a inaugura\u00e7\u00e3o vai instigar a instala\u00e7\u00e3o de mais comit\u00eas em outras cidades que apoiam o deputado, como Alcoba\u00e7a, Caravelas etc. No Sudoeste da Bahia Tem\u00f3teo est\u00e1 recebendo o apoio de lideran\u00e7as expressivas em oito munic\u00edpios e existe expectativa de receber na sua regi\u00e3o de origem uma vota\u00e7\u00e3o expressiva que poder\u00e1 chegar a mais de 15 mil votos.<\/div>\n<p><em>Fechamento da Azaleia em Itapetinga<\/em><\/p>\n<p><em><\/em>A empresa cal\u00e7adista Azaleia, que foi adquirida pela Vulcabraz, chegou a gerar 22 mil empregos na regi\u00e3o Sudoeste da Bahia, entretanto, vem reduzindo suas atividades e, hoje, gera menos de 5 mil empregos. Isso tem causado um grave problema social e a regi\u00e3o vive a beira do colapso. Alternativas precisam ser buscadas urgentemente, aproveitando a voca\u00e7\u00e3o da regi\u00e3o, que possui terras f\u00e9rteis, mas, a preval\u00eancia da pecu\u00e1ria leva o homem do campo para a cidade em busca de melhor qualidade de vida, provocando o \u00eaxodo rural. Com a perda do emprego, o jovem \u00e9 levado ao mundo do crime e ao tr\u00e1fico de drogas, aumentando o n\u00edvel de viol\u00eancia.<\/p>\n","protected":false},"excerpt":{"rendered":"<p>Deputado inaugura comit\u00ea pol\u00edtico &#8211;\u00a0Depois do sucesso da inaugura\u00e7\u00e3o de comit\u00eas pol\u00edticos em duas cidades do Sudoeste baiano, na regi\u00e3o de Itapetinga, o deputado Tem\u00f3teo Brito vai inaugurar tamb\u00e9m seu comit\u00ea em Teixeira de Freitas no pr\u00f3ximo s\u00e1bado, dia 9 de agosto. Certamente, a inaugura\u00e7\u00e3o vai instigar a instala\u00e7\u00e3o de mais comit\u00eas em outras cidades [&hellip;]<\/p>\n","protected":false},"author":2,"featured_media":0,"comment_status":"open","ping_status":"open","sticky":false,"template":"","format":"standard","meta":{"footnotes":"","_links_to":"","_links_to_target":""},"categories":[1],"tags":[],"class_list":["post-39776","post","type-post","status-publish","format-standard","hentry","category-geral"],"views":1211,"_links":{"self":[{"href":"https:\/\/www.sudoestehoje.com.br\/novoportal\/wp-json\/wp\/v2\/posts\/39776","targetHints":{"allow":["GET"]}}],"collection":[{"href":"https:\/\/www.sudoestehoje.com.br\/novoportal\/wp-json\/wp\/v2\/posts"}],"about":[{"href":"https:\/\/www.sudoestehoje.com.br\/novoportal\/wp-json\/wp\/v2\/types\/post"}],"author":[{"embeddable":true,"href":"https:\/\/www.sudoestehoje.com.br\/novoportal\/wp-json\/wp\/v2\/users\/2"}],"replies":[{"embeddable":true,"href":"https:\/\/www.sudoestehoje.com.br\/novoportal\/wp-json\/wp\/v2\/comments?post=39776"}],"version-history":[{"count":2,"href":"https:\/\/www.sudoestehoje.com.br\/novoportal\/wp-json\/wp\/v2\/posts\/39776\/revisions"}],"predecessor-version":[{"id":39778,"href":"https:\/\/www.sudoestehoje.com.br\/novoportal\/wp-json\/wp\/v2\/posts\/39776\/revisions\/39778"}],"wp:attachment":[{"href":"https:\/\/www.sudoestehoje.com.br\/novoportal\/wp-json\/wp\/v2\/media?parent=39776"}],"wp:term":[{"taxonomy":"category","embeddable":true,"href":"https:\/\/www.sudoestehoje.com.br\/novoportal\/wp-json\/wp\/v2\/categories?post=39776"},{"taxonomy":"post_tag","embeddable":true,"href":"https:\/\/www.sudoestehoje.com.br\/novoportal\/wp-json\/wp\/v2\/tags?post=39776"}],"curies":[{"name":"wp","href":"https:\/\/api.w.org\/{rel}","templated":true}]}}