
{"id":39750,"date":"2014-08-05T23:30:59","date_gmt":"2014-08-06T02:30:59","guid":{"rendered":"http:\/\/www.sudoestehoje.com.br\/novoportal\/?p=39750"},"modified":"2014-08-05T23:30:55","modified_gmt":"2014-08-06T02:30:55","slug":"itapetinga-perigo-e-abandono-no-parque-poliesportivo-da-lagoa","status":"publish","type":"post","link":"https:\/\/www.sudoestehoje.com.br\/novoportal\/2014\/08\/05\/itapetinga-perigo-e-abandono-no-parque-poliesportivo-da-lagoa\/","title":{"rendered":"ITAPETINGA: PERIGO E ABANDONO NO PARQUE POLIESPORTIVO DA LAGOA"},"content":{"rendered":"<div id=\"attachment_39751\" style=\"width: 510px\" class=\"wp-caption aligncenter\"><a href=\"http:\/\/www.sudoestehoje.com.br\/novoportal\/wp-content\/uploads\/2014\/08\/fios.jpg\"><img loading=\"lazy\" decoding=\"async\" aria-describedby=\"caption-attachment-39751\" class=\"size-medium wp-image-39751\" alt=\"fios desencapados est\u00e3o expostos ao lado da pista e do campo de futebol frequentado por crian\u00e7as. \" src=\"http:\/\/www.sudoestehoje.com.br\/novoportal\/wp-content\/uploads\/2014\/08\/fios-500x375.jpg\" width=\"500\" height=\"375\" srcset=\"https:\/\/www.sudoestehoje.com.br\/novoportal\/wp-content\/uploads\/2014\/08\/fios-500x375.jpg 500w, https:\/\/www.sudoestehoje.com.br\/novoportal\/wp-content\/uploads\/2014\/08\/fios-700x525.jpg 700w, https:\/\/www.sudoestehoje.com.br\/novoportal\/wp-content\/uploads\/2014\/08\/fios.jpg 960w\" sizes=\"auto, (max-width: 500px) 100vw, 500px\" \/><\/a><p id=\"caption-attachment-39751\" class=\"wp-caption-text\">fios desencapados est\u00e3o expostos ao lado da pista e do campo de futebol frequentado por crian\u00e7as.<\/p><\/div>\n<p><strong><em>Por Davi Ferraz<\/em><\/strong><\/p>\n<p>Quem passa pelo Parque da Lagoa, em Itapetinga, se assusta com estado de abandono do local e a irresponsabilidade do poder p\u00fablico municipal, que exp\u00f5e os seus frequentadores, na maioria crian\u00e7as, ao perigo.\u00a0Atrav\u00e9s de uma denuncia e fotos enviadas por um pai que levou seus filhos para darem um passeio na lagoa, constatamos <em>fios desencapados<\/em> na pista de &#8216;Cooper&#8217;, bem em frente ao campinho de futebol, frequentado diariamente por centenas de crian\u00e7as.<\/p>\n<p><img decoding=\"async\" class=\"aligncenter\" alt=\"\" src=\"https:\/\/fbcdn-sphotos-h-a.akamaihd.net\/hphotos-ak-xpf1\/v\/t34.0-12\/10588978_617830008315438_1376006239_n.jpg?oh=a3a7730b853ad3d14f57a6c89039b34e&amp;oe=53E355BA&amp;__gda__=1407411114_5549cc3944b011c4fd711c8e87ac6c15\" width=\"500\" \/><\/p>\n<p>O parque infantil, uma das &#8220;grandes realiza\u00e7\u00f5es&#8221; do atual prefeito, est\u00e1 com os seus equipamentos totalmente deteriorados, o que representa um verdadeiro perigo \u00e0 integridade f\u00edsica das crian\u00e7as que os utilizam. O mais curioso \u00e9 que secret\u00e1rios, assessores e vereadores ligados ao prefeito passam pelo local diariamente, e n\u00e3o tomam nenhuma provid\u00eancia. Turminha \u00e0 toa &#8230;<\/p>\n<div id=\"attachment_39752\" style=\"width: 510px\" class=\"wp-caption aligncenter\"><a href=\"http:\/\/www.sudoestehoje.com.br\/novoportal\/wp-content\/uploads\/2014\/08\/escorregadeira.jpg\"><img loading=\"lazy\" decoding=\"async\" aria-describedby=\"caption-attachment-39752\" class=\"size-medium wp-image-39752\" alt=\"Escorregadeira e outros equipamentos do parque infantil levam perigo \u00e0s crian\u00e7as que o frequentam.\" src=\"http:\/\/www.sudoestehoje.com.br\/novoportal\/wp-content\/uploads\/2014\/08\/escorregadeira-500x375.jpg\" width=\"500\" height=\"375\" srcset=\"https:\/\/www.sudoestehoje.com.br\/novoportal\/wp-content\/uploads\/2014\/08\/escorregadeira-500x375.jpg 500w, https:\/\/www.sudoestehoje.com.br\/novoportal\/wp-content\/uploads\/2014\/08\/escorregadeira-700x525.jpg 700w, https:\/\/www.sudoestehoje.com.br\/novoportal\/wp-content\/uploads\/2014\/08\/escorregadeira.jpg 960w\" sizes=\"auto, (max-width: 500px) 100vw, 500px\" \/><\/a><p id=\"caption-attachment-39752\" class=\"wp-caption-text\">Escorregadeira e outros equipamentos do parque infantil levam perigo \u00e0s crian\u00e7as que o frequentam.<\/p><\/div>\n<p>Confira as fotos:<\/p>\n<p><img decoding=\"async\" class=\"aligncenter\" alt=\"\" src=\"https:\/\/fbcdn-sphotos-h-a.akamaihd.net\/hphotos-ak-xpf1\/v\/t34.0-12\/10580515_617832391648533_1474754618_n.jpg?oh=96c5b5036aef70dc1b79ebba861ddd14&amp;oe=53E2E0D3&amp;__gda__=1407405571_d4f63cc32db445746345acb7069fcb5e\" width=\"500\" \/><\/p>\n<p><img decoding=\"async\" class=\"aligncenter\" alt=\"\" src=\"https:\/\/fbcdn-sphotos-h-a.akamaihd.net\/hphotos-ak-xpf1\/v\/t34.0-12\/10595974_617832404981865_777403772_n.jpg?oh=f35f96b4d973851fa0250ef3a6925298&amp;oe=53E3332A&amp;__gda__=1407399863_4916d5487db98d29696859f65a590ea5\" width=\"500\" \/><\/p>\n<p><img decoding=\"async\" class=\"aligncenter\" alt=\"\" src=\"https:\/\/fbcdn-sphotos-h-a.akamaihd.net\/hphotos-ak-xpf1\/v\/t34.0-12\/10578210_617832394981866_52382886_n.jpg?oh=2cfe6fb84898098402b8e050383992c6&amp;oe=53E35413&amp;__gda__=1407412238_296c681c917bd25ce3ef16c18c555e3b\" width=\"500\" \/><\/p>\n","protected":false},"excerpt":{"rendered":"<p>Por Davi Ferraz Quem passa pelo Parque da Lagoa, em Itapetinga, se assusta com estado de abandono do local e a irresponsabilidade do poder p\u00fablico municipal, que exp\u00f5e os seus frequentadores, na maioria crian\u00e7as, ao perigo.\u00a0Atrav\u00e9s de uma denuncia e fotos enviadas por um pai que levou seus filhos para darem um passeio na lagoa, [&hellip;]<\/p>\n","protected":false},"author":2,"featured_media":0,"comment_status":"open","ping_status":"open","sticky":false,"template":"","format":"standard","meta":{"footnotes":"","_links_to":"","_links_to_target":""},"categories":[1],"tags":[],"class_list":["post-39750","post","type-post","status-publish","format-standard","hentry","category-geral"],"views":1398,"_links":{"self":[{"href":"https:\/\/www.sudoestehoje.com.br\/novoportal\/wp-json\/wp\/v2\/posts\/39750","targetHints":{"allow":["GET"]}}],"collection":[{"href":"https:\/\/www.sudoestehoje.com.br\/novoportal\/wp-json\/wp\/v2\/posts"}],"about":[{"href":"https:\/\/www.sudoestehoje.com.br\/novoportal\/wp-json\/wp\/v2\/types\/post"}],"author":[{"embeddable":true,"href":"https:\/\/www.sudoestehoje.com.br\/novoportal\/wp-json\/wp\/v2\/users\/2"}],"replies":[{"embeddable":true,"href":"https:\/\/www.sudoestehoje.com.br\/novoportal\/wp-json\/wp\/v2\/comments?post=39750"}],"version-history":[{"count":5,"href":"https:\/\/www.sudoestehoje.com.br\/novoportal\/wp-json\/wp\/v2\/posts\/39750\/revisions"}],"predecessor-version":[{"id":39757,"href":"https:\/\/www.sudoestehoje.com.br\/novoportal\/wp-json\/wp\/v2\/posts\/39750\/revisions\/39757"}],"wp:attachment":[{"href":"https:\/\/www.sudoestehoje.com.br\/novoportal\/wp-json\/wp\/v2\/media?parent=39750"}],"wp:term":[{"taxonomy":"category","embeddable":true,"href":"https:\/\/www.sudoestehoje.com.br\/novoportal\/wp-json\/wp\/v2\/categories?post=39750"},{"taxonomy":"post_tag","embeddable":true,"href":"https:\/\/www.sudoestehoje.com.br\/novoportal\/wp-json\/wp\/v2\/tags?post=39750"}],"curies":[{"name":"wp","href":"https:\/\/api.w.org\/{rel}","templated":true}]}}