
{"id":39746,"date":"2014-08-05T17:52:17","date_gmt":"2014-08-05T20:52:17","guid":{"rendered":"http:\/\/www.sudoestehoje.com.br\/novoportal\/?p=39746"},"modified":"2014-08-05T20:57:08","modified_gmt":"2014-08-05T23:57:08","slug":"vereador-alfredo-cabral-pede-a-wagner-sac-e-iml-para-itapetinga","status":"publish","type":"post","link":"https:\/\/www.sudoestehoje.com.br\/novoportal\/2014\/08\/05\/vereador-alfredo-cabral-pede-a-wagner-sac-e-iml-para-itapetinga\/","title":{"rendered":"VEREADOR ALFREDO CABRAL PEDE A WAGNER SAC E IML PARA ITAPETINGA"},"content":{"rendered":"<p><a href=\"http:\/\/www.sudoestehoje.com.br\/novoportal\/wp-content\/uploads\/2014\/08\/Alfredo-e-wagner.jpg\"><img loading=\"lazy\" decoding=\"async\" class=\"aligncenter size-medium wp-image-39747\" alt=\"Alfredo e wagner\" src=\"http:\/\/www.sudoestehoje.com.br\/novoportal\/wp-content\/uploads\/2014\/08\/Alfredo-e-wagner-500x333.jpg\" width=\"500\" height=\"333\" srcset=\"https:\/\/www.sudoestehoje.com.br\/novoportal\/wp-content\/uploads\/2014\/08\/Alfredo-e-wagner-500x333.jpg 500w, https:\/\/www.sudoestehoje.com.br\/novoportal\/wp-content\/uploads\/2014\/08\/Alfredo-e-wagner-700x466.jpg 700w, https:\/\/www.sudoestehoje.com.br\/novoportal\/wp-content\/uploads\/2014\/08\/Alfredo-e-wagner.jpg 960w\" sizes=\"auto, (max-width: 500px) 100vw, 500px\" \/><\/a><\/p>\n<p>Aproveitando a vinda do governador Jaques Wagner ao vizinho munic\u00edpio de Caatiba, o vereador Alfredo Cabral de Assis (PSD) levou duas importantes reivindica\u00e7\u00f5es da popula\u00e7\u00e3o de Itapetinga, que s\u00e3o \u00a0o IML\u00a0\u2013 Instituto M\u00e9dico Legal, para realiza\u00e7\u00e3o de necropsias e laudos cadav\u00e9ricos em e demais munic\u00edpios do territ\u00f3rio M\u00e9dio Sudoeste, que v\u00eam sendo realizados, precariamente, em Vit\u00f3ria da Conquista e o prometido SAC, que \u00e9 um servi\u00e7o de atendimento ao cidad\u00e3o, especializado da expedi\u00e7\u00e3o de diversos documentos, dentre eles a Carteira de Identidade.<\/p>\n<p>O governador respondeu ao vereador Alfredo Cabral que j\u00e1 autorizou a instala\u00e7\u00e3o do IML, mas que <em>&#8216;n\u00e3o se lembra&#8217;<\/em> em que situa\u00e7\u00e3o se encontra a instala\u00e7\u00e3o do SAC, mais que iria verificar.<\/p>\n<p>O vereador Alfredo Cabral, que \u00e9 da base governista, vem se destacando como um dos mais atuantes do munic\u00edpio, sempre reivindicando aos governos municipal e estadual, realiza\u00e7\u00f5es importantes para o munic\u00edpio.<\/p>\n","protected":false},"excerpt":{"rendered":"<p>Aproveitando a vinda do governador Jaques Wagner ao vizinho munic\u00edpio de Caatiba, o vereador Alfredo Cabral de Assis (PSD) levou duas importantes reivindica\u00e7\u00f5es da popula\u00e7\u00e3o de Itapetinga, que s\u00e3o \u00a0o IML\u00a0\u2013 Instituto M\u00e9dico Legal, para realiza\u00e7\u00e3o de necropsias e laudos cadav\u00e9ricos em e demais munic\u00edpios do territ\u00f3rio M\u00e9dio Sudoeste, que v\u00eam sendo realizados, precariamente, em [&hellip;]<\/p>\n","protected":false},"author":2,"featured_media":0,"comment_status":"open","ping_status":"open","sticky":false,"template":"","format":"standard","meta":{"footnotes":"","_links_to":"","_links_to_target":""},"categories":[1],"tags":[],"class_list":["post-39746","post","type-post","status-publish","format-standard","hentry","category-geral"],"views":1234,"_links":{"self":[{"href":"https:\/\/www.sudoestehoje.com.br\/novoportal\/wp-json\/wp\/v2\/posts\/39746","targetHints":{"allow":["GET"]}}],"collection":[{"href":"https:\/\/www.sudoestehoje.com.br\/novoportal\/wp-json\/wp\/v2\/posts"}],"about":[{"href":"https:\/\/www.sudoestehoje.com.br\/novoportal\/wp-json\/wp\/v2\/types\/post"}],"author":[{"embeddable":true,"href":"https:\/\/www.sudoestehoje.com.br\/novoportal\/wp-json\/wp\/v2\/users\/2"}],"replies":[{"embeddable":true,"href":"https:\/\/www.sudoestehoje.com.br\/novoportal\/wp-json\/wp\/v2\/comments?post=39746"}],"version-history":[{"count":4,"href":"https:\/\/www.sudoestehoje.com.br\/novoportal\/wp-json\/wp\/v2\/posts\/39746\/revisions"}],"predecessor-version":[{"id":39760,"href":"https:\/\/www.sudoestehoje.com.br\/novoportal\/wp-json\/wp\/v2\/posts\/39746\/revisions\/39760"}],"wp:attachment":[{"href":"https:\/\/www.sudoestehoje.com.br\/novoportal\/wp-json\/wp\/v2\/media?parent=39746"}],"wp:term":[{"taxonomy":"category","embeddable":true,"href":"https:\/\/www.sudoestehoje.com.br\/novoportal\/wp-json\/wp\/v2\/categories?post=39746"},{"taxonomy":"post_tag","embeddable":true,"href":"https:\/\/www.sudoestehoje.com.br\/novoportal\/wp-json\/wp\/v2\/tags?post=39746"}],"curies":[{"name":"wp","href":"https:\/\/api.w.org\/{rel}","templated":true}]}}