
{"id":39738,"date":"2014-08-05T12:52:43","date_gmt":"2014-08-05T15:52:43","guid":{"rendered":"http:\/\/www.sudoestehoje.com.br\/novoportal\/?p=39738"},"modified":"2014-08-05T12:52:43","modified_gmt":"2014-08-05T15:52:43","slug":"marina-leva-campos-a-encontro-com-dois-mil-pastores-evangelicos","status":"publish","type":"post","link":"https:\/\/www.sudoestehoje.com.br\/novoportal\/2014\/08\/05\/marina-leva-campos-a-encontro-com-dois-mil-pastores-evangelicos\/","title":{"rendered":"MARINA LEVA CAMPOS A ENCONTRO COM DOIS MIL PASTORES EVANG\u00c9LICOS"},"content":{"rendered":"<div>\n<div id=\"attachment_39739\" style=\"width: 510px\" class=\"wp-caption aligncenter\"><a href=\"http:\/\/www.sudoestehoje.com.br\/novoportal\/wp-content\/uploads\/2014\/08\/marina.jpg\"><img loading=\"lazy\" decoding=\"async\" aria-describedby=\"caption-attachment-39739\" class=\"size-medium wp-image-39739\" alt=\"Evang\u00e9lica, Marina articulou encontro com pastores da Igreja Assembl\u00e9ia de Deus, que deve apoiar a candidatura de Eduardo Campos \u00e0 presid\u00eancia.\" src=\"http:\/\/www.sudoestehoje.com.br\/novoportal\/wp-content\/uploads\/2014\/08\/marina-500x312.jpg\" width=\"500\" height=\"312\" srcset=\"https:\/\/www.sudoestehoje.com.br\/novoportal\/wp-content\/uploads\/2014\/08\/marina-500x312.jpg 500w, https:\/\/www.sudoestehoje.com.br\/novoportal\/wp-content\/uploads\/2014\/08\/marina.jpg 652w\" sizes=\"auto, (max-width: 500px) 100vw, 500px\" \/><\/a><p id=\"caption-attachment-39739\" class=\"wp-caption-text\">Evang\u00e9lica, Marina articulou encontro com pastores da Igreja Assembl\u00e9ia de Deus, que deve apoiar a candidatura de Eduardo Campos \u00e0 presid\u00eancia.<\/p><\/div>\n<p>O candidato \u00e0 Presid\u00eancia da Rep\u00fablica pelo PSB, Eduardo Campos, foi levado a um encontro fechado com 2 mil pastores da Assembleia de Deus em S\u00e3o Paulo pela vice de sua chapa, Marina Silva, que \u00e9 evang\u00e9lica da denomina\u00e7\u00e3o.<\/p>\n<p>Segundo informa\u00e7\u00f5es do jornal Folha de S. Paulo, o tamb\u00e9m concorrente ao cargo, Pastor Everaldo (PSC), que \u00e9 de outra corrente da Assembleia, discursou para o grupo antes da chegada de Campos e Marina. Ela e Everaldo s\u00e3o os \u00fanicos evang\u00e9licos que disputam as elei\u00e7\u00f5es em chapa majorit\u00e1ria nacional.<\/p>\n<p>Ainda de acordo com Folha, nos bastidores do evento, os participantes declaram apoio ao social crist\u00e3o, mas afirmam ter simpatia pela candidatura do ex-governador de Pernambuco.<\/p>\n<\/div>\n<p>&nbsp;<\/p>\n","protected":false},"excerpt":{"rendered":"<p>O candidato \u00e0 Presid\u00eancia da Rep\u00fablica pelo PSB, Eduardo Campos, foi levado a um encontro fechado com 2 mil pastores da Assembleia de Deus em S\u00e3o Paulo pela vice de sua chapa, Marina Silva, que \u00e9 evang\u00e9lica da denomina\u00e7\u00e3o. Segundo informa\u00e7\u00f5es do jornal Folha de S. Paulo, o tamb\u00e9m concorrente ao cargo, Pastor Everaldo (PSC), [&hellip;]<\/p>\n","protected":false},"author":2,"featured_media":0,"comment_status":"open","ping_status":"open","sticky":false,"template":"","format":"standard","meta":{"footnotes":"","_links_to":"","_links_to_target":""},"categories":[1],"tags":[],"class_list":["post-39738","post","type-post","status-publish","format-standard","hentry","category-geral"],"views":1176,"_links":{"self":[{"href":"https:\/\/www.sudoestehoje.com.br\/novoportal\/wp-json\/wp\/v2\/posts\/39738","targetHints":{"allow":["GET"]}}],"collection":[{"href":"https:\/\/www.sudoestehoje.com.br\/novoportal\/wp-json\/wp\/v2\/posts"}],"about":[{"href":"https:\/\/www.sudoestehoje.com.br\/novoportal\/wp-json\/wp\/v2\/types\/post"}],"author":[{"embeddable":true,"href":"https:\/\/www.sudoestehoje.com.br\/novoportal\/wp-json\/wp\/v2\/users\/2"}],"replies":[{"embeddable":true,"href":"https:\/\/www.sudoestehoje.com.br\/novoportal\/wp-json\/wp\/v2\/comments?post=39738"}],"version-history":[{"count":4,"href":"https:\/\/www.sudoestehoje.com.br\/novoportal\/wp-json\/wp\/v2\/posts\/39738\/revisions"}],"predecessor-version":[{"id":39743,"href":"https:\/\/www.sudoestehoje.com.br\/novoportal\/wp-json\/wp\/v2\/posts\/39738\/revisions\/39743"}],"wp:attachment":[{"href":"https:\/\/www.sudoestehoje.com.br\/novoportal\/wp-json\/wp\/v2\/media?parent=39738"}],"wp:term":[{"taxonomy":"category","embeddable":true,"href":"https:\/\/www.sudoestehoje.com.br\/novoportal\/wp-json\/wp\/v2\/categories?post=39738"},{"taxonomy":"post_tag","embeddable":true,"href":"https:\/\/www.sudoestehoje.com.br\/novoportal\/wp-json\/wp\/v2\/tags?post=39738"}],"curies":[{"name":"wp","href":"https:\/\/api.w.org\/{rel}","templated":true}]}}