
{"id":39734,"date":"2014-08-04T23:27:36","date_gmt":"2014-08-05T02:27:36","guid":{"rendered":"http:\/\/www.sudoestehoje.com.br\/novoportal\/?p=39734"},"modified":"2014-08-04T23:28:41","modified_gmt":"2014-08-05T02:28:41","slug":"cpi-petrobras-psdb-e-dem-preparam-pacote-de-medidas-judiciais","status":"publish","type":"post","link":"https:\/\/www.sudoestehoje.com.br\/novoportal\/2014\/08\/04\/cpi-petrobras-psdb-e-dem-preparam-pacote-de-medidas-judiciais\/","title":{"rendered":"CPI PETROBRAS: PSDB E DEM PREPARAM PACOTE DE MEDIDAS JUDICIAIS"},"content":{"rendered":"<p><img decoding=\"async\" class=\"aligncenter\" alt=\"\" src=\"http:\/\/www.politicalivre.com.br\/wp-content\/thumbgen_cache\/dfce15a4b0d0c07e4f690acee3fb6fc6.jpg\" width=\"500\" \/><\/p>\n<p>Dois dias depois de vir a p\u00fablico um v\u00eddeo no qual funcion\u00e1rios da Petrobras teriam discutido a \u201ccola\u201d das perguntas que senadores da Comiss\u00e3o Parlamentar de Inqu\u00e9rito (CPI) fariam a dirigentes e ex-dirigentes da petroleira, o PSDB e o Democratas anunciaram um pacote de medidas judiciais contra os envolvidos.\u00a0Al\u00e9m disso, eles apresentar\u00e3o pedidos de investiga\u00e7\u00e3o contra os senadores petistas envolvidos no Conselho de \u00c9tica por quebra de decoro parlamentar.<\/p>\n<p>O caso foi revelado na edi\u00e7\u00e3o desta semana da revista Veja. A publica\u00e7\u00e3o apresentou uma grava\u00e7\u00e3o na qual o chefe do escrit\u00f3rio da Petrobras em Bras\u00edlia, Jos\u00e9 Eduardo Sobral Barrocas, o chefe do departamento jur\u00eddico do mesmo escrit\u00f3rio, Leonan Calderaro Filho, e o advogado da empresa Bruno Ferreira debatem o envio de um \u201cgabarito\u201d dos questionamentos aos diretores da companhia que prestaram depoimentos \u00e0 CPI, entre eles a presidente Maria das Gra\u00e7as Foster, o ex-diretor da \u00e1rea internacional N\u00e9stor Cerver\u00f3 e o ex-presidente S\u00e9rgio Gabrielli.<\/p>\n<p><!--more--><\/p>\n<p>A filmagem abriu uma crise no Congresso e a oposi\u00e7\u00e3o acusa parlamentares e o Pal\u00e1cio do Planalto de fraudarem a investiga\u00e7\u00e3o. Os citados negam a combina\u00e7\u00e3o de depoimentos. \u201cFoi feito um grande entendimento para blindar a presidente Dilma.<\/p>\n<p>O v\u00eddeo deixa claro que houve um \u2018combinemos\u2019 para desmoralizar o Congresso e a CPI\u201d, afirmou o senador Jos\u00e9 Agripino Maria (DEM-RN), coordenador-geral da campanha do tucano A\u00e9cio Neves \u00e0 Presid\u00eancia da Rep\u00fablica.<\/p>\n<p><span style=\"line-height: 1.5em;\">\u201cO governo tem tanto pavor da verdade que nem uma CPI chapa branca \u00e9 suficiente para eles. Foi preciso uma CPI com fraude\u201d, emendou o senador Aloysio Nunes (PSDB-SP), candidato a vice na chapa encabe\u00e7ada por A\u00e9cio.<\/span><\/p>\n<p>O PSDB e o DEM decidiram ingressar com representa\u00e7\u00f5es contra os senadores Jos\u00e9 Pimentel (PT-CE), que \u00e9 relator da CPI da Petrobras no Senado, e Delc\u00eddio Amaral (PT-MS), apontado como o respons\u00e1vel por vazar perguntas a Cerver\u00f3, na Procuradoria-Geral da Rep\u00fablica (PGR).<\/p>\n<p>O PSDB e o DEM tamb\u00e9m entrar\u00e3o contra os dois parlamentares no Conselho de \u00c9tica do Senado por quebra de decoro parlamentar.<\/p>\n","protected":false},"excerpt":{"rendered":"<p>Dois dias depois de vir a p\u00fablico um v\u00eddeo no qual funcion\u00e1rios da Petrobras teriam discutido a \u201ccola\u201d das perguntas que senadores da Comiss\u00e3o Parlamentar de Inqu\u00e9rito (CPI) fariam a dirigentes e ex-dirigentes da petroleira, o PSDB e o Democratas anunciaram um pacote de medidas judiciais contra os envolvidos.\u00a0Al\u00e9m disso, eles apresentar\u00e3o pedidos de investiga\u00e7\u00e3o [&hellip;]<\/p>\n","protected":false},"author":2,"featured_media":0,"comment_status":"open","ping_status":"open","sticky":false,"template":"","format":"standard","meta":{"footnotes":"","_links_to":"","_links_to_target":""},"categories":[1],"tags":[],"class_list":["post-39734","post","type-post","status-publish","format-standard","hentry","category-geral"],"views":1216,"_links":{"self":[{"href":"https:\/\/www.sudoestehoje.com.br\/novoportal\/wp-json\/wp\/v2\/posts\/39734","targetHints":{"allow":["GET"]}}],"collection":[{"href":"https:\/\/www.sudoestehoje.com.br\/novoportal\/wp-json\/wp\/v2\/posts"}],"about":[{"href":"https:\/\/www.sudoestehoje.com.br\/novoportal\/wp-json\/wp\/v2\/types\/post"}],"author":[{"embeddable":true,"href":"https:\/\/www.sudoestehoje.com.br\/novoportal\/wp-json\/wp\/v2\/users\/2"}],"replies":[{"embeddable":true,"href":"https:\/\/www.sudoestehoje.com.br\/novoportal\/wp-json\/wp\/v2\/comments?post=39734"}],"version-history":[{"count":3,"href":"https:\/\/www.sudoestehoje.com.br\/novoportal\/wp-json\/wp\/v2\/posts\/39734\/revisions"}],"predecessor-version":[{"id":39737,"href":"https:\/\/www.sudoestehoje.com.br\/novoportal\/wp-json\/wp\/v2\/posts\/39734\/revisions\/39737"}],"wp:attachment":[{"href":"https:\/\/www.sudoestehoje.com.br\/novoportal\/wp-json\/wp\/v2\/media?parent=39734"}],"wp:term":[{"taxonomy":"category","embeddable":true,"href":"https:\/\/www.sudoestehoje.com.br\/novoportal\/wp-json\/wp\/v2\/categories?post=39734"},{"taxonomy":"post_tag","embeddable":true,"href":"https:\/\/www.sudoestehoje.com.br\/novoportal\/wp-json\/wp\/v2\/tags?post=39734"}],"curies":[{"name":"wp","href":"https:\/\/api.w.org\/{rel}","templated":true}]}}