
{"id":39731,"date":"2014-08-04T21:41:14","date_gmt":"2014-08-05T00:41:14","guid":{"rendered":"http:\/\/www.sudoestehoje.com.br\/novoportal\/?p=39731"},"modified":"2014-08-04T21:43:00","modified_gmt":"2014-08-05T00:43:00","slug":"fundacao-jose-silveira-recebe-premio-campeoes-do-carinho","status":"publish","type":"post","link":"https:\/\/www.sudoestehoje.com.br\/novoportal\/2014\/08\/04\/fundacao-jose-silveira-recebe-premio-campeoes-do-carinho\/","title":{"rendered":"FUNDA\u00c7\u00c3O JOS\u00c9 SILVEIRA RECEBE PR\u00caMIO CAMPE\u00d5ES DO CARINHO"},"content":{"rendered":"<p><img decoding=\"async\" class=\"aligncenter\" alt=\"\" src=\"http:\/\/www.fjs.org.br\/wp-content\/uploads\/2014\/08\/Leila-Brito-representante-da-Jhonson-Danilo-Haun-e-Rogerio-Gomes.jpg\" width=\"500\" \/><\/p>\n<p>A Funda\u00e7\u00e3o Jos\u00e9\u00a0Silveira (FJS) \u00e9 Campe\u00e3 do Carinho. Este \u00e9 o pr\u00eamio que a FJS conquistou no concurso nacional promovido pela Johnson &amp; Johnson, marca mundialmente conhecida pelo padr\u00e3o de excel\u00eancia na \u00e1rea de sa\u00fade. A iniciativa \u00e9 um reconhecimento ao trabalho de institui\u00e7\u00f5es que t\u00eam transformado a vida de seus pacientes, com \u00eanfase em pr\u00e1ticas baseadas no calor humano.<\/p>\n<p>A superintendente da Funda\u00e7\u00e3o, Leila Brito, viajou a S\u00e3o Paulo para receber a premia\u00e7\u00e3o. \u201c\u00c9 uma honra para a Funda\u00e7\u00e3o Jos\u00e9 Silveira e todos da sua equipe a conquista desse pr\u00eamio, em reconhecimento ao enfoque humanit\u00e1rio do nosso trabalho, sempre voltado ao bem-estar do indiv\u00edduo de uma forma integral\u201d, afirmou Leila Brito na solenidade que reuniu representantes da c\u00fapula da Johnson &amp; Johnson no Brasil.<\/p>\n<p><img decoding=\"async\" class=\"aligncenter\" alt=\"\" src=\"http:\/\/www.fjs.org.br\/wp-content\/uploads\/2014\/07\/Campeoes-do-Carinho-IBR-7.jpg\" width=\"500\" \/><\/p>\n<p>Como parte da premia\u00e7\u00e3o, o gestor do Instituto Bahiano de Reabilita\u00e7\u00e3o (IBR), unidade da FJS, Rog\u00e9rio Gomes, e o coordenador de P\u00f3s-reabilita\u00e7\u00e3o do IBR, Danilo Haun, participaram, na ocasi\u00e3o, do momento inicial da capacita\u00e7\u00e3o com especialistas renomados. No total, 20 colaboradores e 2 tutores locais da Funda\u00e7\u00e3o Jos\u00e9 Silveira participar\u00e3o do Curso Linha de cuidado, com dura\u00e7\u00e3o de oito semanas e voltado \u00e0 articula\u00e7\u00e3o de recursos e pr\u00e1ticas de produ\u00e7\u00e3o de sa\u00fade, em benef\u00edcio dos usu\u00e1rios. <em>Not\u00edcia Capital<\/em><\/p>\n","protected":false},"excerpt":{"rendered":"<p>A Funda\u00e7\u00e3o Jos\u00e9\u00a0Silveira (FJS) \u00e9 Campe\u00e3 do Carinho. Este \u00e9 o pr\u00eamio que a FJS conquistou no concurso nacional promovido pela Johnson &amp; Johnson, marca mundialmente conhecida pelo padr\u00e3o de excel\u00eancia na \u00e1rea de sa\u00fade. A iniciativa \u00e9 um reconhecimento ao trabalho de institui\u00e7\u00f5es que t\u00eam transformado a vida de seus pacientes, com \u00eanfase em [&hellip;]<\/p>\n","protected":false},"author":2,"featured_media":0,"comment_status":"open","ping_status":"open","sticky":false,"template":"","format":"standard","meta":{"footnotes":"","_links_to":"","_links_to_target":""},"categories":[1],"tags":[],"class_list":["post-39731","post","type-post","status-publish","format-standard","hentry","category-geral"],"views":1289,"_links":{"self":[{"href":"https:\/\/www.sudoestehoje.com.br\/novoportal\/wp-json\/wp\/v2\/posts\/39731","targetHints":{"allow":["GET"]}}],"collection":[{"href":"https:\/\/www.sudoestehoje.com.br\/novoportal\/wp-json\/wp\/v2\/posts"}],"about":[{"href":"https:\/\/www.sudoestehoje.com.br\/novoportal\/wp-json\/wp\/v2\/types\/post"}],"author":[{"embeddable":true,"href":"https:\/\/www.sudoestehoje.com.br\/novoportal\/wp-json\/wp\/v2\/users\/2"}],"replies":[{"embeddable":true,"href":"https:\/\/www.sudoestehoje.com.br\/novoportal\/wp-json\/wp\/v2\/comments?post=39731"}],"version-history":[{"count":2,"href":"https:\/\/www.sudoestehoje.com.br\/novoportal\/wp-json\/wp\/v2\/posts\/39731\/revisions"}],"predecessor-version":[{"id":39733,"href":"https:\/\/www.sudoestehoje.com.br\/novoportal\/wp-json\/wp\/v2\/posts\/39731\/revisions\/39733"}],"wp:attachment":[{"href":"https:\/\/www.sudoestehoje.com.br\/novoportal\/wp-json\/wp\/v2\/media?parent=39731"}],"wp:term":[{"taxonomy":"category","embeddable":true,"href":"https:\/\/www.sudoestehoje.com.br\/novoportal\/wp-json\/wp\/v2\/categories?post=39731"},{"taxonomy":"post_tag","embeddable":true,"href":"https:\/\/www.sudoestehoje.com.br\/novoportal\/wp-json\/wp\/v2\/tags?post=39731"}],"curies":[{"name":"wp","href":"https:\/\/api.w.org\/{rel}","templated":true}]}}