
{"id":39628,"date":"2014-08-03T00:13:04","date_gmt":"2014-08-03T03:13:04","guid":{"rendered":"http:\/\/www.sudoestehoje.com.br\/novoportal\/?p=39628"},"modified":"2014-08-03T00:13:04","modified_gmt":"2014-08-03T03:13:04","slug":"ilheus-415-servidores-sao-investigados-por-acumular-cargos-publicos","status":"publish","type":"post","link":"https:\/\/www.sudoestehoje.com.br\/novoportal\/2014\/08\/03\/ilheus-415-servidores-sao-investigados-por-acumular-cargos-publicos\/","title":{"rendered":"ILH\u00c9US: 415 SERVIDORES S\u00c3O INVESTIGADOS POR ACUMULAR CARGOS P\u00daBLICOS"},"content":{"rendered":"<p style=\"text-align: center;\"><img decoding=\"async\" class=\"aligncenter\" alt=\"Servidores de Ilh\u00e9us s\u00e3o investigados. Foto Gidelzo Silva\" src=\"http:\/\/www.pimenta.blog.br\/wp-content\/uploads\/Pal%C3%A1cio_Paranagu%C3%A1_-_Foto_Gidelzo_Silva-12.jpg\" width=\"500\" \/><\/p>\n<p>A Prefeitura de Ilh\u00e9us est\u00e1 investigando a situa\u00e7\u00e3o de 415 servidores lotados nas secretarias de Sa\u00fade e da Educa\u00e7\u00e3o, que acumulam cargos p\u00fablicos em outros setores no pr\u00f3prio munic\u00edpio, no Estado, e em Itabuna. Existem suspeitas de que os servidores n\u00e3o cumprem a carga hor\u00e1ria e est\u00e3o contrariando o que determina a lei.<\/p>\n<p>De acordo com o secret\u00e1rio de Administra\u00e7\u00e3o de Ilh\u00e9us, Ricardo Machado, descoberta de que os funcion\u00e1rios acumulam cargos ocorreu com confronta\u00e7\u00e3o de dados com a Secretaria Estadual de Administra\u00e7\u00e3o e com informa\u00e7\u00f5es de outros munic\u00edpios. Foi constatado que 166 profissionais lotados na Secretaria de Sa\u00fade de Ilh\u00e9us acumulam cargos p\u00fablicos.<\/p>\n<p>Na educa\u00e7\u00e3o s\u00e3o 233 que trabalham no munic\u00edpio e no estado. Al\u00e9m disso, foi descoberto que 66 servidores p\u00fablicos de Ilh\u00e9us trabalham tamb\u00e9m no munic\u00edpio de Itabuna. Entre os profissionais nessa situa\u00e7\u00e3o est\u00e3o agentes de tr\u00e2nsito, guardas municipais, psic\u00f3logos, assistentes sociais e servidores de servi\u00e7os gerais.<\/p>\n<p>A Constitui\u00e7\u00e3o Federal pro\u00edbe o ac\u00famulo de cargos p\u00fablicos, exceto por professores e profissionais da sa\u00fade, desde que seja poss\u00edvel a compatibilidade de carga hor\u00e1ria.<\/p>\n<p>Os 415 servidores foram convocados para apresentar, no setor de Recursos Humanos das Secretarias de Administra\u00e7\u00e3o, Sa\u00fade e Educa\u00e7\u00e3o, entre os dias 7 e 11 deste m\u00eas, sempre das 8h30min \u00e0s 17h30min. Pimenta<\/p>\n","protected":false},"excerpt":{"rendered":"<p>A Prefeitura de Ilh\u00e9us est\u00e1 investigando a situa\u00e7\u00e3o de 415 servidores lotados nas secretarias de Sa\u00fade e da Educa\u00e7\u00e3o, que acumulam cargos p\u00fablicos em outros setores no pr\u00f3prio munic\u00edpio, no Estado, e em Itabuna. Existem suspeitas de que os servidores n\u00e3o cumprem a carga hor\u00e1ria e est\u00e3o contrariando o que determina a lei. De acordo [&hellip;]<\/p>\n","protected":false},"author":2,"featured_media":0,"comment_status":"open","ping_status":"open","sticky":false,"template":"","format":"standard","meta":{"footnotes":"","_links_to":"","_links_to_target":""},"categories":[1],"tags":[],"class_list":["post-39628","post","type-post","status-publish","format-standard","hentry","category-geral"],"views":1073,"_links":{"self":[{"href":"https:\/\/www.sudoestehoje.com.br\/novoportal\/wp-json\/wp\/v2\/posts\/39628","targetHints":{"allow":["GET"]}}],"collection":[{"href":"https:\/\/www.sudoestehoje.com.br\/novoportal\/wp-json\/wp\/v2\/posts"}],"about":[{"href":"https:\/\/www.sudoestehoje.com.br\/novoportal\/wp-json\/wp\/v2\/types\/post"}],"author":[{"embeddable":true,"href":"https:\/\/www.sudoestehoje.com.br\/novoportal\/wp-json\/wp\/v2\/users\/2"}],"replies":[{"embeddable":true,"href":"https:\/\/www.sudoestehoje.com.br\/novoportal\/wp-json\/wp\/v2\/comments?post=39628"}],"version-history":[{"count":4,"href":"https:\/\/www.sudoestehoje.com.br\/novoportal\/wp-json\/wp\/v2\/posts\/39628\/revisions"}],"predecessor-version":[{"id":39632,"href":"https:\/\/www.sudoestehoje.com.br\/novoportal\/wp-json\/wp\/v2\/posts\/39628\/revisions\/39632"}],"wp:attachment":[{"href":"https:\/\/www.sudoestehoje.com.br\/novoportal\/wp-json\/wp\/v2\/media?parent=39628"}],"wp:term":[{"taxonomy":"category","embeddable":true,"href":"https:\/\/www.sudoestehoje.com.br\/novoportal\/wp-json\/wp\/v2\/categories?post=39628"},{"taxonomy":"post_tag","embeddable":true,"href":"https:\/\/www.sudoestehoje.com.br\/novoportal\/wp-json\/wp\/v2\/tags?post=39628"}],"curies":[{"name":"wp","href":"https:\/\/api.w.org\/{rel}","templated":true}]}}