
{"id":39614,"date":"2014-08-01T18:54:54","date_gmt":"2014-08-01T21:54:54","guid":{"rendered":"http:\/\/www.sudoestehoje.com.br\/novoportal\/?p=39614"},"modified":"2014-08-01T20:47:04","modified_gmt":"2014-08-01T23:47:04","slug":"michel-e-ze-otavio-participam-de-caminhada-da-oposicao-em-conquista","status":"publish","type":"post","link":"https:\/\/www.sudoestehoje.com.br\/novoportal\/2014\/08\/01\/michel-e-ze-otavio-participam-de-caminhada-da-oposicao-em-conquista\/","title":{"rendered":"MICHEL E Z\u00c9 OTAVIO PARTICIPAM DE CAMINHADA DA OPOSI\u00c7\u00c3O EM CONQUISTA"},"content":{"rendered":"<p><a href=\"http:\/\/www.sudoestehoje.com.br\/novoportal\/wp-content\/uploads\/2014\/08\/MICHEL-E-HERZEM.jpg\"><img loading=\"lazy\" decoding=\"async\" class=\"aligncenter size-medium wp-image-39615\" alt=\"MICHEL E HERZEM\" src=\"http:\/\/www.sudoestehoje.com.br\/novoportal\/wp-content\/uploads\/2014\/08\/MICHEL-E-HERZEM-500x330.jpg\" width=\"500\" height=\"330\" srcset=\"https:\/\/www.sudoestehoje.com.br\/novoportal\/wp-content\/uploads\/2014\/08\/MICHEL-E-HERZEM-500x330.jpg 500w, https:\/\/www.sudoestehoje.com.br\/novoportal\/wp-content\/uploads\/2014\/08\/MICHEL-E-HERZEM.jpg 526w\" sizes=\"auto, (max-width: 500px) 100vw, 500px\" \/><\/a><\/p>\n<p>Na caminhada e inaugura\u00e7\u00e3o do Comit\u00ea Central de Paulo Souto e Geddel, em Vit\u00f3ria da Conquista, lideran\u00e7as pol\u00edticas de toda a regi\u00e3o compareceram em massa, mostrando a for\u00e7a das candidaturas oposicionistas, no evento realizado nesta quinta-feira (31).<\/p>\n<p>Representando o PMDB de Itapetinga, o ex-prefeito e deputado Michel Hagge fez quest\u00e3o de caminhar ao lado de Herzem Gusm\u00e3o (PMDB), candidato que recebe o seu apoio para deputado estadual, fato que n\u00e3o passou despercebido pelas c\u00e2meras do Blog do Anderson, que flagrou e registrou esse importante momento.<\/p>\n<p><a href=\"http:\/\/www.sudoestehoje.com.br\/novoportal\/wp-content\/uploads\/2014\/08\/Z\u00c9-OTAVIO.jpg\"><img loading=\"lazy\" decoding=\"async\" class=\"aligncenter size-medium wp-image-39616\" alt=\"Z\u00c9 OTAVIO\" src=\"http:\/\/www.sudoestehoje.com.br\/novoportal\/wp-content\/uploads\/2014\/08\/Z\u00c9-OTAVIO-500x331.jpg\" width=\"500\" height=\"331\" srcset=\"https:\/\/www.sudoestehoje.com.br\/novoportal\/wp-content\/uploads\/2014\/08\/Z\u00c9-OTAVIO-500x331.jpg 500w, https:\/\/www.sudoestehoje.com.br\/novoportal\/wp-content\/uploads\/2014\/08\/Z\u00c9-OTAVIO-700x463.jpg 700w, https:\/\/www.sudoestehoje.com.br\/novoportal\/wp-content\/uploads\/2014\/08\/Z\u00c9-OTAVIO.jpg 750w\" sizes=\"auto, (max-width: 500px) 100vw, 500px\" \/><\/a><\/p>\n<p>Outro que n\u00e3o faltou ao compromisso foi o ex-prefeito de Itapetinga Jos\u00e9 Otavio Curvelo (DEM), que posou para a foto ao lado do lider democrata e candidato ao governo do estado, Paulo Souto e do peemedebista Geddel, candidato ao senado. Z\u00e9 Ot\u00e1vio apoia Heraldo Rocha para deputado estadual e Jos\u00e9 Carlos Aleluia para federal.<\/p>\n<p>Michel Hagge e Z\u00e9 Ot\u00e1vio est\u00e3o unidos nesta elei\u00e7\u00e3o, apoiando incondicionalmente Paulo Souto, Geddel, Joaci e os candidatos a deputado da coliga\u00e7\u00e3o.<\/p>\n<p><strong><em>Por Davi Ferraz<\/em><\/strong><\/p>\n","protected":false},"excerpt":{"rendered":"<p>Na caminhada e inaugura\u00e7\u00e3o do Comit\u00ea Central de Paulo Souto e Geddel, em Vit\u00f3ria da Conquista, lideran\u00e7as pol\u00edticas de toda a regi\u00e3o compareceram em massa, mostrando a for\u00e7a das candidaturas oposicionistas, no evento realizado nesta quinta-feira (31). Representando o PMDB de Itapetinga, o ex-prefeito e deputado Michel Hagge fez quest\u00e3o de caminhar ao lado de [&hellip;]<\/p>\n","protected":false},"author":2,"featured_media":0,"comment_status":"open","ping_status":"open","sticky":false,"template":"","format":"standard","meta":{"footnotes":"","_links_to":"","_links_to_target":""},"categories":[1],"tags":[],"class_list":["post-39614","post","type-post","status-publish","format-standard","hentry","category-geral"],"views":1113,"_links":{"self":[{"href":"https:\/\/www.sudoestehoje.com.br\/novoportal\/wp-json\/wp\/v2\/posts\/39614","targetHints":{"allow":["GET"]}}],"collection":[{"href":"https:\/\/www.sudoestehoje.com.br\/novoportal\/wp-json\/wp\/v2\/posts"}],"about":[{"href":"https:\/\/www.sudoestehoje.com.br\/novoportal\/wp-json\/wp\/v2\/types\/post"}],"author":[{"embeddable":true,"href":"https:\/\/www.sudoestehoje.com.br\/novoportal\/wp-json\/wp\/v2\/users\/2"}],"replies":[{"embeddable":true,"href":"https:\/\/www.sudoestehoje.com.br\/novoportal\/wp-json\/wp\/v2\/comments?post=39614"}],"version-history":[{"count":4,"href":"https:\/\/www.sudoestehoje.com.br\/novoportal\/wp-json\/wp\/v2\/posts\/39614\/revisions"}],"predecessor-version":[{"id":39620,"href":"https:\/\/www.sudoestehoje.com.br\/novoportal\/wp-json\/wp\/v2\/posts\/39614\/revisions\/39620"}],"wp:attachment":[{"href":"https:\/\/www.sudoestehoje.com.br\/novoportal\/wp-json\/wp\/v2\/media?parent=39614"}],"wp:term":[{"taxonomy":"category","embeddable":true,"href":"https:\/\/www.sudoestehoje.com.br\/novoportal\/wp-json\/wp\/v2\/categories?post=39614"},{"taxonomy":"post_tag","embeddable":true,"href":"https:\/\/www.sudoestehoje.com.br\/novoportal\/wp-json\/wp\/v2\/tags?post=39614"}],"curies":[{"name":"wp","href":"https:\/\/api.w.org\/{rel}","templated":true}]}}