
{"id":39606,"date":"2014-08-01T18:03:41","date_gmt":"2014-08-01T21:03:41","guid":{"rendered":"http:\/\/www.sudoestehoje.com.br\/novoportal\/?p=39606"},"modified":"2014-08-01T18:09:06","modified_gmt":"2014-08-01T21:09:06","slug":"geddel-bate-duro-no-governoessa-gente-acabou-com-nosso-estado","status":"publish","type":"post","link":"https:\/\/www.sudoestehoje.com.br\/novoportal\/2014\/08\/01\/geddel-bate-duro-no-governoessa-gente-acabou-com-nosso-estado\/","title":{"rendered":"GEDDEL BATE DURO NO GOVERNO:&#8221;ESSA GENTE ACABOU COM NOSSO ESTADO&#8221;"},"content":{"rendered":"<p style=\"text-align: center;\"><a href=\"http:\/\/www.sudoestehoje.com.br\/novoportal\/wp-content\/uploads\/2014\/08\/ge.jpg\"><img decoding=\"async\" class=\"aligncenter  wp-image-39608\" alt=\"ge\" src=\"http:\/\/www.sudoestehoje.com.br\/novoportal\/wp-content\/uploads\/2014\/08\/ge.jpg\" width=\"500\" \/><\/a><\/p>\n<p>Candidato a senador pela chapa DEM-PMDB-PSDB, Geddel Vieira Lima voltou a bater duro no governo de Jaques Wagner em discurso na inaugura\u00e7\u00e3o do comit\u00ea central da oposi\u00e7\u00e3o, que aconteceu na noite de quinta-feira (31) em Vit\u00f3ria da Conquista.<\/p>\n<p><em>&#8220;Os relatos sobre o caos existente no Hospital de Base de Conquista impressionam. S\u00e3o hist\u00f3rias aterrorizantes. Essa gente acabou com setores fundamentais no nosso estado. Vai dar trabalho para recuperar&#8221;<\/em>, disse o peemedebista.<\/p>\n<p>Geddel disse que a recep\u00e7\u00e3o popular na caminhada pelas ruas faz aumentar confian\u00e7a de vit\u00f3ria de sua chapa j\u00e1 no primeiro turno da disputa de outubro.<\/p>\n<p><em>&#8220;A caminhada em Vit\u00f3ria da Conquista ontem (31) nos emocionou pela intensa receptividade da popula\u00e7\u00e3o. A inaugura\u00e7\u00e3o do comit\u00ea central foi um sucesso. O nosso sentimento de vit\u00f3ria aumentou \u00e0 noite quando embaixo de chuva intensa o povo encheu a pra\u00e7a de Barra do Cho\u00e7a para nos ouvir&#8221;.<\/em><\/p>\n<p>&nbsp;<\/p>\n<p><img decoding=\"async\" class=\"aligncenter\" alt=\"\u00d3TICA-ITAPUAN-BANNER1\" src=\"http:\/\/www.sudoestehoje.com.br\/novoportal\/wp-content\/uploads\/2014\/06\/%C3%93TICA-ITAPUAN-BANNER14.jpg\" \/><\/p>\n","protected":false},"excerpt":{"rendered":"<p>Candidato a senador pela chapa DEM-PMDB-PSDB, Geddel Vieira Lima voltou a bater duro no governo de Jaques Wagner em discurso na inaugura\u00e7\u00e3o do comit\u00ea central da oposi\u00e7\u00e3o, que aconteceu na noite de quinta-feira (31) em Vit\u00f3ria da Conquista. &#8220;Os relatos sobre o caos existente no Hospital de Base de Conquista impressionam. S\u00e3o hist\u00f3rias aterrorizantes. Essa [&hellip;]<\/p>\n","protected":false},"author":2,"featured_media":0,"comment_status":"open","ping_status":"open","sticky":false,"template":"","format":"standard","meta":{"footnotes":"","_links_to":"","_links_to_target":""},"categories":[1],"tags":[],"class_list":["post-39606","post","type-post","status-publish","format-standard","hentry","category-geral"],"views":1068,"_links":{"self":[{"href":"https:\/\/www.sudoestehoje.com.br\/novoportal\/wp-json\/wp\/v2\/posts\/39606","targetHints":{"allow":["GET"]}}],"collection":[{"href":"https:\/\/www.sudoestehoje.com.br\/novoportal\/wp-json\/wp\/v2\/posts"}],"about":[{"href":"https:\/\/www.sudoestehoje.com.br\/novoportal\/wp-json\/wp\/v2\/types\/post"}],"author":[{"embeddable":true,"href":"https:\/\/www.sudoestehoje.com.br\/novoportal\/wp-json\/wp\/v2\/users\/2"}],"replies":[{"embeddable":true,"href":"https:\/\/www.sudoestehoje.com.br\/novoportal\/wp-json\/wp\/v2\/comments?post=39606"}],"version-history":[{"count":2,"href":"https:\/\/www.sudoestehoje.com.br\/novoportal\/wp-json\/wp\/v2\/posts\/39606\/revisions"}],"predecessor-version":[{"id":39610,"href":"https:\/\/www.sudoestehoje.com.br\/novoportal\/wp-json\/wp\/v2\/posts\/39606\/revisions\/39610"}],"wp:attachment":[{"href":"https:\/\/www.sudoestehoje.com.br\/novoportal\/wp-json\/wp\/v2\/media?parent=39606"}],"wp:term":[{"taxonomy":"category","embeddable":true,"href":"https:\/\/www.sudoestehoje.com.br\/novoportal\/wp-json\/wp\/v2\/categories?post=39606"},{"taxonomy":"post_tag","embeddable":true,"href":"https:\/\/www.sudoestehoje.com.br\/novoportal\/wp-json\/wp\/v2\/tags?post=39606"}],"curies":[{"name":"wp","href":"https:\/\/api.w.org\/{rel}","templated":true}]}}