
{"id":396,"date":"2010-08-05T09:09:08","date_gmt":"2010-08-05T12:09:08","guid":{"rendered":"http:\/\/sudoestehoje.tempsite.ws\/novoportal\/?p=396"},"modified":"2010-09-18T15:19:50","modified_gmt":"2010-09-18T18:19:50","slug":"onquista-17-escravos-sao-libertados","status":"publish","type":"post","link":"https:\/\/www.sudoestehoje.com.br\/novoportal\/2010\/08\/05\/onquista-17-escravos-sao-libertados\/","title":{"rendered":"ONQUISTA: 17 ESCRAVOS S\u00c3O LIBERTADOS"},"content":{"rendered":"<div>\n<div style=\"text-align: center;\"><img decoding=\"async\" src=\"http:\/\/www.viafanzine.jor.br\/010_fotos\/trab_escravo.jpg\" border=\"0\" alt=\"\" \/><\/div>\n<p>VIT\u00d3RIA  DA CONQUISTA: Cento e vinte e dois anos ap\u00f3s o fim da escravid\u00e3o no  Brasil,\u00a0o Grupo de Fiscaliza\u00e7\u00e3o Rural da Superintend\u00eancia Regional do  Trabalho e Emprego na Bahia libertou 17 trabalhadores que se encontravam  em condi\u00e7\u00f5es an\u00e1logas \u00e0 de escravid\u00e3o no munic\u00edpio de Vit\u00f3ria da  Conquista, no sudoeste do estado. Durante a inspe\u00e7\u00e3o, foram constatados  precariedade dos alojamentos e das instala\u00e7\u00f5es sanit\u00e1rias, falta de \u00e1gua  pot\u00e1vel, contrata\u00e7\u00e3o e transporte irregular, informalidade, jornada  excessiva, servid\u00e3o por d\u00edvida e explora\u00e7\u00e3o do trabalho infantil. Entre  1995 e maio deste ano, 963 a\u00e7\u00f5es fiscais do MTE, em 2.584  estabelecimentos, em todo o pa\u00eds, resultaram no resgate de 37.205  trabalhadores e no pagamento de mais de 54 milh\u00f5es de indeniza\u00e7\u00e3o.  Informa\u00e7\u00f5es da Tribuna da Bahia.<\/p>\n<\/div>\n","protected":false},"excerpt":{"rendered":"<p>VIT\u00d3RIA DA CONQUISTA: Cento e vinte e dois anos ap\u00f3s o fim da escravid\u00e3o no Brasil,\u00a0o Grupo de Fiscaliza\u00e7\u00e3o Rural da Superintend\u00eancia Regional do Trabalho e Emprego na Bahia libertou 17 trabalhadores que se encontravam em condi\u00e7\u00f5es an\u00e1logas \u00e0 de escravid\u00e3o no munic\u00edpio de Vit\u00f3ria da Conquista, no sudoeste do estado. Durante a inspe\u00e7\u00e3o, foram [&hellip;]<\/p>\n","protected":false},"author":1,"featured_media":0,"comment_status":"open","ping_status":"open","sticky":false,"template":"","format":"standard","meta":{"footnotes":"","_links_to":"","_links_to_target":""},"categories":[1],"tags":[],"class_list":["post-396","post","type-post","status-publish","format-standard","hentry","category-geral"],"views":1281,"_links":{"self":[{"href":"https:\/\/www.sudoestehoje.com.br\/novoportal\/wp-json\/wp\/v2\/posts\/396","targetHints":{"allow":["GET"]}}],"collection":[{"href":"https:\/\/www.sudoestehoje.com.br\/novoportal\/wp-json\/wp\/v2\/posts"}],"about":[{"href":"https:\/\/www.sudoestehoje.com.br\/novoportal\/wp-json\/wp\/v2\/types\/post"}],"author":[{"embeddable":true,"href":"https:\/\/www.sudoestehoje.com.br\/novoportal\/wp-json\/wp\/v2\/users\/1"}],"replies":[{"embeddable":true,"href":"https:\/\/www.sudoestehoje.com.br\/novoportal\/wp-json\/wp\/v2\/comments?post=396"}],"version-history":[{"count":1,"href":"https:\/\/www.sudoestehoje.com.br\/novoportal\/wp-json\/wp\/v2\/posts\/396\/revisions"}],"predecessor-version":[{"id":397,"href":"https:\/\/www.sudoestehoje.com.br\/novoportal\/wp-json\/wp\/v2\/posts\/396\/revisions\/397"}],"wp:attachment":[{"href":"https:\/\/www.sudoestehoje.com.br\/novoportal\/wp-json\/wp\/v2\/media?parent=396"}],"wp:term":[{"taxonomy":"category","embeddable":true,"href":"https:\/\/www.sudoestehoje.com.br\/novoportal\/wp-json\/wp\/v2\/categories?post=396"},{"taxonomy":"post_tag","embeddable":true,"href":"https:\/\/www.sudoestehoje.com.br\/novoportal\/wp-json\/wp\/v2\/tags?post=396"}],"curies":[{"name":"wp","href":"https:\/\/api.w.org\/{rel}","templated":true}]}}