
{"id":39594,"date":"2014-08-01T14:13:42","date_gmt":"2014-08-01T17:13:42","guid":{"rendered":"http:\/\/www.sudoestehoje.com.br\/novoportal\/?p=39594"},"modified":"2014-08-01T16:33:22","modified_gmt":"2014-08-01T19:33:22","slug":"sandro-regis-em-vitoria-da-conquista","status":"publish","type":"post","link":"https:\/\/www.sudoestehoje.com.br\/novoportal\/2014\/08\/01\/sandro-regis-em-vitoria-da-conquista\/","title":{"rendered":"SANDRO R\u00c9GIS EM VIT\u00d3RIA DA CONQUISTA"},"content":{"rendered":"<p><img decoding=\"async\" class=\"aligncenter\" alt=\"\" src=\"https:\/\/scontent-a-mia.xx.fbcdn.net\/hphotos-xaf1\/t1.0-9\/10547528_10202489391171921_2034408983349167710_n.jpg\" width=\"500\" \/><\/p>\n<p>Ontem, o deputado estadual Sandro R\u00e9gis esteve na cidade mais fria da Bahia, Vit\u00f3ria da Conquista, para a caminhada de inaugura\u00e7\u00e3o do comit\u00ea de Paulo Souto, Geddel e A\u00e9cio.<\/p>\n<p>Marcaram presen\u00e7a juntamente com Sandro, Vinicius, lideran\u00e7a de encruzilhada, Jeov\u00e1 Santos de Barra do Cho\u00e7a, Lucas e Z\u00e9 Marcus de Vit\u00f3ria da Conquista e Vande de Planalto. Ainda o ex-prefeito de Po\u00e7\u00f5es, Luciano e a esposa Mariana e Jerre com a esposa, ambos da cidade de Planalto.<\/p>\n<p>Sandro R\u00e9gis tem percorrido todo o estado, junto com a caravana da oposi\u00e7\u00e3o, recebendo apoios importantes que garantem a sua reelei\u00e7\u00e3o, com folga.<\/p>\n<p><strong><em>Por Davi Ferraz<\/em><\/strong><\/p>\n<p>&nbsp;<\/p>\n<p><img decoding=\"async\" class=\"aligncenter\" alt=\"\" src=\"http:\/\/www.blogdodigadiga.com.br\/v1\/wp-content\/uploads\/2014\/07\/10294233_488450524624288_7784515067055805951_n.jpg\" width=\"500\" \/><\/p>\n","protected":false},"excerpt":{"rendered":"<p>Ontem, o deputado estadual Sandro R\u00e9gis esteve na cidade mais fria da Bahia, Vit\u00f3ria da Conquista, para a caminhada de inaugura\u00e7\u00e3o do comit\u00ea de Paulo Souto, Geddel e A\u00e9cio. Marcaram presen\u00e7a juntamente com Sandro, Vinicius, lideran\u00e7a de encruzilhada, Jeov\u00e1 Santos de Barra do Cho\u00e7a, Lucas e Z\u00e9 Marcus de Vit\u00f3ria da Conquista e Vande de [&hellip;]<\/p>\n","protected":false},"author":2,"featured_media":0,"comment_status":"open","ping_status":"open","sticky":false,"template":"","format":"standard","meta":{"footnotes":"","_links_to":"","_links_to_target":""},"categories":[1],"tags":[],"class_list":["post-39594","post","type-post","status-publish","format-standard","hentry","category-geral"],"views":1075,"_links":{"self":[{"href":"https:\/\/www.sudoestehoje.com.br\/novoportal\/wp-json\/wp\/v2\/posts\/39594","targetHints":{"allow":["GET"]}}],"collection":[{"href":"https:\/\/www.sudoestehoje.com.br\/novoportal\/wp-json\/wp\/v2\/posts"}],"about":[{"href":"https:\/\/www.sudoestehoje.com.br\/novoportal\/wp-json\/wp\/v2\/types\/post"}],"author":[{"embeddable":true,"href":"https:\/\/www.sudoestehoje.com.br\/novoportal\/wp-json\/wp\/v2\/users\/2"}],"replies":[{"embeddable":true,"href":"https:\/\/www.sudoestehoje.com.br\/novoportal\/wp-json\/wp\/v2\/comments?post=39594"}],"version-history":[{"count":5,"href":"https:\/\/www.sudoestehoje.com.br\/novoportal\/wp-json\/wp\/v2\/posts\/39594\/revisions"}],"predecessor-version":[{"id":39602,"href":"https:\/\/www.sudoestehoje.com.br\/novoportal\/wp-json\/wp\/v2\/posts\/39594\/revisions\/39602"}],"wp:attachment":[{"href":"https:\/\/www.sudoestehoje.com.br\/novoportal\/wp-json\/wp\/v2\/media?parent=39594"}],"wp:term":[{"taxonomy":"category","embeddable":true,"href":"https:\/\/www.sudoestehoje.com.br\/novoportal\/wp-json\/wp\/v2\/categories?post=39594"},{"taxonomy":"post_tag","embeddable":true,"href":"https:\/\/www.sudoestehoje.com.br\/novoportal\/wp-json\/wp\/v2\/tags?post=39594"}],"curies":[{"name":"wp","href":"https:\/\/api.w.org\/{rel}","templated":true}]}}