
{"id":39586,"date":"2014-08-01T09:44:06","date_gmt":"2014-08-01T12:44:06","guid":{"rendered":"http:\/\/www.sudoestehoje.com.br\/novoportal\/?p=39586"},"modified":"2014-08-01T14:05:13","modified_gmt":"2014-08-01T17:05:13","slug":"rosemberg-entre-os-escanteados-em-sao-francisco-do-conde","status":"publish","type":"post","link":"https:\/\/www.sudoestehoje.com.br\/novoportal\/2014\/08\/01\/rosemberg-entre-os-escanteados-em-sao-francisco-do-conde\/","title":{"rendered":"ROSEMBERG ENTRE OS &#8220;ESCANTEADOS&#8221; EM S\u00c3O FRANCISCO DO CONDE"},"content":{"rendered":"<div id=\"attachment_39587\" style=\"width: 510px\" class=\"wp-caption aligncenter\"><a href=\"http:\/\/www.sudoestehoje.com.br\/novoportal\/wp-content\/uploads\/2014\/08\/ROS.jpg\"><img loading=\"lazy\" decoding=\"async\" aria-describedby=\"caption-attachment-39587\" class=\"size-medium wp-image-39587\" alt=\"Rosemberg comemorando a conquista do Intermunicipal, ao lado da ex-prefeita Rilza Valentim. Com a morte da prefeita, Rosemberg ficou \u00f3rf\u00e3o de 'm\u00e3e', votos e recursos para a sua complicada reelei\u00e7\u00e3o. \" src=\"http:\/\/www.sudoestehoje.com.br\/novoportal\/wp-content\/uploads\/2014\/08\/ROS-500x333.jpg\" width=\"500\" height=\"333\" srcset=\"https:\/\/www.sudoestehoje.com.br\/novoportal\/wp-content\/uploads\/2014\/08\/ROS-500x333.jpg 500w, https:\/\/www.sudoestehoje.com.br\/novoportal\/wp-content\/uploads\/2014\/08\/ROS-700x466.jpg 700w, https:\/\/www.sudoestehoje.com.br\/novoportal\/wp-content\/uploads\/2014\/08\/ROS.jpg 800w\" sizes=\"auto, (max-width: 500px) 100vw, 500px\" \/><\/a><p id=\"caption-attachment-39587\" class=\"wp-caption-text\">Rosemberg comemorando a conquista do Intermunicipal, ao lado da ex-prefeita Rilza Valentim, de S\u00e3o Francisco do Conde. Com a morte da prefeita, Rosemberg ficou \u00f3rf\u00e3o de &#8216;m\u00e3e&#8217;, votos e recursos para a sua complicada reelei\u00e7\u00e3o.<\/p><\/div>\n<p>De acordo com o colunista Ricardo Luzbel, do BN, nem deu tempo de a popula\u00e7\u00e3o de S\u00e3o Francisco do Conde absorver a grande perda que teve com a morte da prefeita Rilza Valentim, e nos bastidores do poder as disputas internas j\u00e1 come\u00e7am a tomar corpo.<\/p>\n<p>No sobe e desce, o nome forte que desponta agora \u00e9 o do prefeito Evandro Almeida (PP), ex-vice que assumiu ap\u00f3s o falecimento da titular.\u00a0Do outro lado est\u00e3o Joaci Pena, secretario de Infreestrutura e Obras; Paulo S\u00e9rgio Tei\u00fa, titular de Governo, e o deputado estadual Rosemberg Pinto (PT).<\/p>\n<p>Na rela\u00e7\u00e3o dos \u201cescanteados do poder\u201d, est\u00e3o o secret\u00e1rio Tei\u00fa e o deputado Rosemberg.\u00a0O primeiro v\u00ea escapar pelo ralo as suas pretens\u00f5es de ganhar for\u00e7a para disputar a prefeitura da cidade vizinha, Madre Deus, onde foi lan\u00e7ado \u00e0 pol\u00edtica, enquanto Rosemberg perde sua principal &#8216;colaboradora&#8217; e mentora pol\u00edtica.<\/p>\n<p>A alta popularidade da prefeita Rilza, um dos maiores cabos eleitorais de Rosemberg, era garantia de votos na cidade, mas agora, com o novo prefeito Evandro Almeida remando contra, o deputado vai ter que trabalhar dobrado.<\/p>\n<p>E olha que as coisas j\u00e1 n\u00e3o vinham bem para o ex-itororoense&#8230;<\/p>\n<p><strong><em>Sudoeste Hoje<\/em><\/strong><\/p>\n<p>&nbsp;<\/p>\n<p><img decoding=\"async\" class=\"aligncenter\" alt=\"Turmalina1\" src=\"http:\/\/www.sudoestehoje.com.br\/novoportal\/wp-content\/uploads\/2014\/06\/Turmalina12-500x168.jpg\" \/><\/p>\n","protected":false},"excerpt":{"rendered":"<p>De acordo com o colunista Ricardo Luzbel, do BN, nem deu tempo de a popula\u00e7\u00e3o de S\u00e3o Francisco do Conde absorver a grande perda que teve com a morte da prefeita Rilza Valentim, e nos bastidores do poder as disputas internas j\u00e1 come\u00e7am a tomar corpo. No sobe e desce, o nome forte que desponta [&hellip;]<\/p>\n","protected":false},"author":2,"featured_media":0,"comment_status":"open","ping_status":"open","sticky":false,"template":"","format":"standard","meta":{"footnotes":"","_links_to":"","_links_to_target":""},"categories":[1],"tags":[],"class_list":["post-39586","post","type-post","status-publish","format-standard","hentry","category-geral"],"views":1416,"_links":{"self":[{"href":"https:\/\/www.sudoestehoje.com.br\/novoportal\/wp-json\/wp\/v2\/posts\/39586","targetHints":{"allow":["GET"]}}],"collection":[{"href":"https:\/\/www.sudoestehoje.com.br\/novoportal\/wp-json\/wp\/v2\/posts"}],"about":[{"href":"https:\/\/www.sudoestehoje.com.br\/novoportal\/wp-json\/wp\/v2\/types\/post"}],"author":[{"embeddable":true,"href":"https:\/\/www.sudoestehoje.com.br\/novoportal\/wp-json\/wp\/v2\/users\/2"}],"replies":[{"embeddable":true,"href":"https:\/\/www.sudoestehoje.com.br\/novoportal\/wp-json\/wp\/v2\/comments?post=39586"}],"version-history":[{"count":4,"href":"https:\/\/www.sudoestehoje.com.br\/novoportal\/wp-json\/wp\/v2\/posts\/39586\/revisions"}],"predecessor-version":[{"id":39593,"href":"https:\/\/www.sudoestehoje.com.br\/novoportal\/wp-json\/wp\/v2\/posts\/39586\/revisions\/39593"}],"wp:attachment":[{"href":"https:\/\/www.sudoestehoje.com.br\/novoportal\/wp-json\/wp\/v2\/media?parent=39586"}],"wp:term":[{"taxonomy":"category","embeddable":true,"href":"https:\/\/www.sudoestehoje.com.br\/novoportal\/wp-json\/wp\/v2\/categories?post=39586"},{"taxonomy":"post_tag","embeddable":true,"href":"https:\/\/www.sudoestehoje.com.br\/novoportal\/wp-json\/wp\/v2\/tags?post=39586"}],"curies":[{"name":"wp","href":"https:\/\/api.w.org\/{rel}","templated":true}]}}