
{"id":39571,"date":"2014-07-31T18:37:18","date_gmt":"2014-07-31T21:37:18","guid":{"rendered":"http:\/\/www.sudoestehoje.com.br\/novoportal\/?p=39571"},"modified":"2014-07-31T22:01:12","modified_gmt":"2014-08-01T01:01:12","slug":"apos-caminhada-paulo-souto-e-comitiva-inauguram-comite-central","status":"publish","type":"post","link":"https:\/\/www.sudoestehoje.com.br\/novoportal\/2014\/07\/31\/apos-caminhada-paulo-souto-e-comitiva-inauguram-comite-central\/","title":{"rendered":"AP\u00d3S CAMINHADA, PAULO SOUTO E COMITIVA INAUGURAM COMIT\u00ca CENTRAL"},"content":{"rendered":"<p><a href=\"http:\/\/www.sudoestehoje.com.br\/novoportal\/wp-content\/uploads\/2014\/07\/sout.jpg\"><img loading=\"lazy\" decoding=\"async\" class=\"aligncenter size-medium wp-image-39572\" alt=\"sout\" src=\"http:\/\/www.sudoestehoje.com.br\/novoportal\/wp-content\/uploads\/2014\/07\/sout-500x322.jpg\" width=\"500\" height=\"322\" srcset=\"https:\/\/www.sudoestehoje.com.br\/novoportal\/wp-content\/uploads\/2014\/07\/sout-500x322.jpg 500w, https:\/\/www.sudoestehoje.com.br\/novoportal\/wp-content\/uploads\/2014\/07\/sout-700x452.jpg 700w, https:\/\/www.sudoestehoje.com.br\/novoportal\/wp-content\/uploads\/2014\/07\/sout.jpg 799w\" sizes=\"auto, (max-width: 500px) 100vw, 500px\" \/><\/a><\/p>\n<p>Na tarde desta quinta-feira (31) esteve em Vit\u00f3ria da Conquista o candidato ao Governo da Bahia, pelo DEM, o ex-governador Paulo Souto. Ele chegou acompanhado de comitiva, incluindo seu vice Joaci G\u00f3es (PSDB) e o candidato ao Senado pelo PMDB, Geddel Vieira Lima. Ap\u00f3s aterrissarem no aeroporto da cidade, o grupo seguiu para o centro, onde realizaram uma caminhada.<\/p>\n<p>A caminhada come\u00e7ou na C\u00e2mara de Vereadores, percorrendo ruas pr\u00f3ximas, e finalizando da avenida Lauro de Freitas, onde a comitiva inaugurou o Comit\u00ea Central da campanha. Al\u00e9m dos candidatos das majorit\u00e1rias, tamb\u00e9m compareceram candidatos a vagas na C\u00e2mara Federal e Assembleia Legislativa.\u00a0Terminada a agenda em Conquista, o grupo seguiu para Barra do Cho\u00e7a, onde tamb\u00e9m realiza caminhada e com\u00edcio. Blog do Marcelo<\/p>\n<p>&nbsp;<\/p>\n<p><img decoding=\"async\" class=\"aligncenter\" alt=\"SERVLAR BANNER\" src=\"http:\/\/www.sudoestehoje.com.br\/novoportal\/wp-content\/uploads\/2014\/06\/SERVLAR-BANNER4-500x178.jpg\" \/><\/p>\n","protected":false},"excerpt":{"rendered":"<p>Na tarde desta quinta-feira (31) esteve em Vit\u00f3ria da Conquista o candidato ao Governo da Bahia, pelo DEM, o ex-governador Paulo Souto. Ele chegou acompanhado de comitiva, incluindo seu vice Joaci G\u00f3es (PSDB) e o candidato ao Senado pelo PMDB, Geddel Vieira Lima. Ap\u00f3s aterrissarem no aeroporto da cidade, o grupo seguiu para o centro, [&hellip;]<\/p>\n","protected":false},"author":2,"featured_media":0,"comment_status":"open","ping_status":"open","sticky":false,"template":"","format":"standard","meta":{"footnotes":"","_links_to":"","_links_to_target":""},"categories":[1],"tags":[],"class_list":["post-39571","post","type-post","status-publish","format-standard","hentry","category-geral"],"views":1482,"_links":{"self":[{"href":"https:\/\/www.sudoestehoje.com.br\/novoportal\/wp-json\/wp\/v2\/posts\/39571","targetHints":{"allow":["GET"]}}],"collection":[{"href":"https:\/\/www.sudoestehoje.com.br\/novoportal\/wp-json\/wp\/v2\/posts"}],"about":[{"href":"https:\/\/www.sudoestehoje.com.br\/novoportal\/wp-json\/wp\/v2\/types\/post"}],"author":[{"embeddable":true,"href":"https:\/\/www.sudoestehoje.com.br\/novoportal\/wp-json\/wp\/v2\/users\/2"}],"replies":[{"embeddable":true,"href":"https:\/\/www.sudoestehoje.com.br\/novoportal\/wp-json\/wp\/v2\/comments?post=39571"}],"version-history":[{"count":2,"href":"https:\/\/www.sudoestehoje.com.br\/novoportal\/wp-json\/wp\/v2\/posts\/39571\/revisions"}],"predecessor-version":[{"id":39575,"href":"https:\/\/www.sudoestehoje.com.br\/novoportal\/wp-json\/wp\/v2\/posts\/39571\/revisions\/39575"}],"wp:attachment":[{"href":"https:\/\/www.sudoestehoje.com.br\/novoportal\/wp-json\/wp\/v2\/media?parent=39571"}],"wp:term":[{"taxonomy":"category","embeddable":true,"href":"https:\/\/www.sudoestehoje.com.br\/novoportal\/wp-json\/wp\/v2\/categories?post=39571"},{"taxonomy":"post_tag","embeddable":true,"href":"https:\/\/www.sudoestehoje.com.br\/novoportal\/wp-json\/wp\/v2\/tags?post=39571"}],"curies":[{"name":"wp","href":"https:\/\/api.w.org\/{rel}","templated":true}]}}