
{"id":3956,"date":"2011-03-19T16:30:58","date_gmt":"2011-03-19T19:30:58","guid":{"rendered":"http:\/\/www.sudoestehoje.com.br\/novoportal\/?p=3956"},"modified":"2011-03-19T16:30:58","modified_gmt":"2011-03-19T19:30:58","slug":"conheca-a-namorada-de-diana-do-bbb","status":"publish","type":"post","link":"https:\/\/www.sudoestehoje.com.br\/novoportal\/2011\/03\/19\/conheca-a-namorada-de-diana-do-bbb\/","title":{"rendered":"CONHE\u00c7A A NAMORADA DE DIANA DO BBB"},"content":{"rendered":"<p style=\"text-align: center;\"><strong><img loading=\"lazy\" decoding=\"async\" class=\"aligncenter\" src=\"http:\/\/ego.globo.com\/Gente\/foto\/0,,46953796-EXH,00.jpg\" alt=\"\" width=\"350\" height=\"263\" \/><\/strong><\/p>\n<p style=\"text-align: center;\"><em><strong>Diana do BBB namora com a modelo Priscila Borges<\/strong><\/em><\/p>\n<p>\u00a0<\/p>\n<p>A mo\u00e7a pela qual Diana \u00e9 apaixonada e fala sempre no &#8220;BBB&#8221; \u00e9 a modelo Priscila Borges, de 25 anos. Dias antes de entrar no confinamento, Diana esteve com ela em uma festa no Rio de Janeiro na qual Priscila usou uma peruca chanel preta. Com informa\u00e7\u00f5es do site Ego<\/p>\n","protected":false},"excerpt":{"rendered":"<p>Diana do BBB namora com a modelo Priscila Borges \u00a0 A mo\u00e7a pela qual Diana \u00e9 apaixonada e fala sempre no &#8220;BBB&#8221; \u00e9 a modelo Priscila Borges, de 25 anos. Dias antes de entrar no confinamento, Diana esteve com ela em uma festa no Rio de Janeiro na qual Priscila usou uma peruca chanel preta. [&hellip;]<\/p>\n","protected":false},"author":2,"featured_media":0,"comment_status":"open","ping_status":"open","sticky":false,"template":"","format":"standard","meta":{"footnotes":"","_links_to":"","_links_to_target":""},"categories":[1],"tags":[],"class_list":["post-3956","post","type-post","status-publish","format-standard","hentry","category-geral"],"views":1273,"_links":{"self":[{"href":"https:\/\/www.sudoestehoje.com.br\/novoportal\/wp-json\/wp\/v2\/posts\/3956","targetHints":{"allow":["GET"]}}],"collection":[{"href":"https:\/\/www.sudoestehoje.com.br\/novoportal\/wp-json\/wp\/v2\/posts"}],"about":[{"href":"https:\/\/www.sudoestehoje.com.br\/novoportal\/wp-json\/wp\/v2\/types\/post"}],"author":[{"embeddable":true,"href":"https:\/\/www.sudoestehoje.com.br\/novoportal\/wp-json\/wp\/v2\/users\/2"}],"replies":[{"embeddable":true,"href":"https:\/\/www.sudoestehoje.com.br\/novoportal\/wp-json\/wp\/v2\/comments?post=3956"}],"version-history":[{"count":3,"href":"https:\/\/www.sudoestehoje.com.br\/novoportal\/wp-json\/wp\/v2\/posts\/3956\/revisions"}],"predecessor-version":[{"id":3959,"href":"https:\/\/www.sudoestehoje.com.br\/novoportal\/wp-json\/wp\/v2\/posts\/3956\/revisions\/3959"}],"wp:attachment":[{"href":"https:\/\/www.sudoestehoje.com.br\/novoportal\/wp-json\/wp\/v2\/media?parent=3956"}],"wp:term":[{"taxonomy":"category","embeddable":true,"href":"https:\/\/www.sudoestehoje.com.br\/novoportal\/wp-json\/wp\/v2\/categories?post=3956"},{"taxonomy":"post_tag","embeddable":true,"href":"https:\/\/www.sudoestehoje.com.br\/novoportal\/wp-json\/wp\/v2\/tags?post=3956"}],"curies":[{"name":"wp","href":"https:\/\/api.w.org\/{rel}","templated":true}]}}