
{"id":39534,"date":"2014-07-30T08:05:26","date_gmt":"2014-07-30T11:05:26","guid":{"rendered":"http:\/\/www.sudoestehoje.com.br\/novoportal\/?p=39534"},"modified":"2014-07-30T08:10:16","modified_gmt":"2014-07-30T11:10:16","slug":"candeias-tonha-magalhaes-deixa-a-base-aliada-para-apoiar-oposicao","status":"publish","type":"post","link":"https:\/\/www.sudoestehoje.com.br\/novoportal\/2014\/07\/30\/candeias-tonha-magalhaes-deixa-a-base-aliada-para-apoiar-oposicao\/","title":{"rendered":"CANDEIAS: TONHA MAGALH\u00c3ES DEIXA A BASE ALIADA PARA APOIAR OPOSI\u00c7\u00c3O"},"content":{"rendered":"<p id=\"yui_3_16_0_1_1406717457581_3509\"><b id=\"yui_3_16_0_1_1406717457581_3508\"><img decoding=\"async\" class=\"aligncenter\" alt=\"\" src=\"https:\/\/fbcdn-sphotos-a-a.akamaihd.net\/hphotos-ak-xpa1\/v\/t1.0-9\/10559739_807772975921229_6131103355390595385_n.jpg?oh=8f115d635dfb8ecf12ada5236433f6bd&amp;oe=5434A594&amp;__gda__=1414155564_04f7d6f1cbc7cf077b3081b9b36bb7ed\" width=\"500\" \/><\/b><\/p>\n<p id=\"yui_3_16_0_1_1406717457581_3511\">A lista de integrantes de partidos da base aliada do governo Wagner que declararam apoio \u00e0 chapa oposicionista acaba de ganhar mais um novo membro: Tonha Magalh\u00e3es, do PR. A ex-prefeita de Candeias selou a escolha dos candidatos Paulo Souto (Democratas), ao governo, Geddel Vieira Lima (PMDB), ao Senado Federal, e Pablo Barrozo (Democratas), para a Assembleia Legislativa em uma reuni\u00e3o no in\u00edcio desta semana em Salvador.<\/p>\n<p>\u201cA Bahia quer mudar para melhor, avan\u00e7ar e confia que Paulo Souto e Geddel ir\u00e3o trazer nosso estado para o caminho certo, o do crescimento e bem-estar social\u201d, pontuou a pol\u00edtica do munic\u00edpio da Regi\u00e3o Metropolitana. Barrozo agradeceu o apoio e lembraram a import\u00e2ncia da postura independente da ex-alcaide. \u201cTonha realizou um trabalho muito bom em Candeias nos seus dois mandatos e reafirma agora com essa atitude o compromisso de lutar pelo melhor para o seu povo, sem restri\u00e7\u00f5es partid\u00e1rias. Uma grande demonstra\u00e7\u00e3o de sua convic\u00e7\u00e3o na for\u00e7a de nosso projeto\u201d.<\/p>\n<div id=\"yui_3_16_0_1_1406717457581_3507\" tabindex=\"0\" role=\"gridcell\">\n<div id=\"yiv0890578039\">\n<div dir=\"ltr\" id=\"yui_3_16_0_1_1406717457581_3510\">\n<div dir=\"ltr\" id=\"yui_3_16_0_1_1406717457581_3544\">\n<div id=\"yui_3_16_0_1_1406717457581_3543\">Assessoria de Imprensa Pablo Barrozo<\/div>\n<div id=\"yui_3_16_0_1_1406717457581_3545\">Facebook:\u00a0<a id=\"yui_3_16_0_1_1406717457581_8395\" href=\"http:\/\/www.facebook.com\/PabloBarrozoVale\" target=\"_blank\" rel=\"nofollow\">www.facebook.com\/PabloBarrozoVale<\/a><\/div>\n<div id=\"yui_3_16_0_1_1406717457581_8327\">Instagram:\u00a0<a id=\"yui_3_16_0_1_1406717457581_8394\" href=\"http:\/\/www.instagram.com\/pablobarrozo\" target=\"_blank\" rel=\"nofollow\">www.instagram.com\/pablobarrozo<\/a><\/div>\n<\/div>\n<\/div>\n<\/div>\n<\/div>\n<div id=\"yui_3_16_0_1_1406717457581_3489\"><\/div>\n","protected":false},"excerpt":{"rendered":"<p>A lista de integrantes de partidos da base aliada do governo Wagner que declararam apoio \u00e0 chapa oposicionista acaba de ganhar mais um novo membro: Tonha Magalh\u00e3es, do PR. A ex-prefeita de Candeias selou a escolha dos candidatos Paulo Souto (Democratas), ao governo, Geddel Vieira Lima (PMDB), ao Senado Federal, e Pablo Barrozo (Democratas), para [&hellip;]<\/p>\n","protected":false},"author":2,"featured_media":0,"comment_status":"open","ping_status":"open","sticky":false,"template":"","format":"standard","meta":{"footnotes":"","_links_to":"","_links_to_target":""},"categories":[1],"tags":[],"class_list":["post-39534","post","type-post","status-publish","format-standard","hentry","category-geral"],"views":1411,"_links":{"self":[{"href":"https:\/\/www.sudoestehoje.com.br\/novoportal\/wp-json\/wp\/v2\/posts\/39534","targetHints":{"allow":["GET"]}}],"collection":[{"href":"https:\/\/www.sudoestehoje.com.br\/novoportal\/wp-json\/wp\/v2\/posts"}],"about":[{"href":"https:\/\/www.sudoestehoje.com.br\/novoportal\/wp-json\/wp\/v2\/types\/post"}],"author":[{"embeddable":true,"href":"https:\/\/www.sudoestehoje.com.br\/novoportal\/wp-json\/wp\/v2\/users\/2"}],"replies":[{"embeddable":true,"href":"https:\/\/www.sudoestehoje.com.br\/novoportal\/wp-json\/wp\/v2\/comments?post=39534"}],"version-history":[{"count":3,"href":"https:\/\/www.sudoestehoje.com.br\/novoportal\/wp-json\/wp\/v2\/posts\/39534\/revisions"}],"predecessor-version":[{"id":39537,"href":"https:\/\/www.sudoestehoje.com.br\/novoportal\/wp-json\/wp\/v2\/posts\/39534\/revisions\/39537"}],"wp:attachment":[{"href":"https:\/\/www.sudoestehoje.com.br\/novoportal\/wp-json\/wp\/v2\/media?parent=39534"}],"wp:term":[{"taxonomy":"category","embeddable":true,"href":"https:\/\/www.sudoestehoje.com.br\/novoportal\/wp-json\/wp\/v2\/categories?post=39534"},{"taxonomy":"post_tag","embeddable":true,"href":"https:\/\/www.sudoestehoje.com.br\/novoportal\/wp-json\/wp\/v2\/tags?post=39534"}],"curies":[{"name":"wp","href":"https:\/\/api.w.org\/{rel}","templated":true}]}}