
{"id":3948,"date":"2011-03-19T13:32:45","date_gmt":"2011-03-19T16:32:45","guid":{"rendered":"http:\/\/www.sudoestehoje.com.br\/novoportal\/?p=3948"},"modified":"2011-03-19T13:38:49","modified_gmt":"2011-03-19T16:38:49","slug":"itapetinga-vereador-jacy-manda-guinchar-carro-do-vizinho","status":"publish","type":"post","link":"https:\/\/www.sudoestehoje.com.br\/novoportal\/2011\/03\/19\/itapetinga-vereador-jacy-manda-guinchar-carro-do-vizinho\/","title":{"rendered":"ITAPETINGA: VEREADOR JACY MANDA &#8216;GUINCHAR&#8217; CARRO DO VIZINHO"},"content":{"rendered":"<p><img decoding=\"async\" class=\"alignleft\" src=\"http:\/\/www.sitepopular.com.br\/noticias\/blogsp\/jaci_bo2.jpg\" alt=\"\" \/>ITAPETINGA: Um fato absurdo revoltou boa parte dos moradores da rua Tiradentes, no centro da cidade, nesta quinta-feira, quando o vereador Jacy Almeida (Jacy B\u00f3) solicitou \u00e0 Comutran que guinchasse um ve\u00edculo que estacionara em frente \u00e0 sua casa, dificultando o acesso \u00e0\u00a0garagem, embora o ve\u00edculo n\u00e3o estivesse estacionado em frente \u00e0 mesma.<\/p>\n<p>Prestigiando a &#8216;arturidade&#8217;, a Comutran guinchou o ve\u00edculo, uma Corola zero, que pertence a um vizinho do vereador, que acabara de se mudar para a rua Tiradentes. Ao perceber que seu ve\u00edculo havia desaparecido e achando que mesmo havia sido roubado, o propriet\u00e1rio, desesperadamente, passou a pedir informa\u00e7\u00f5es aos outros moradores da rua, que lhe informaram, indignados, o que havia ocorrido. Por pouco a pol\u00edcia n\u00e3o foi acionada\u00a0e comunicada de um suposto roubo de ve\u00edculo.\u00a0<\/p>\n<p>O dono do carro, infelizmente, vai ter que\u00a0suportar a conviv\u00eancia com o indesej\u00e1vel e violento vizinho, que continua acobertado pelo poder p\u00fablico municipal nos seus desmandos e aventuras extravagantes.\u00a0Se esqueceu de 2012, vereador?\u00a0<\/p>\n<p><em><strong>Por DAVI FERRAZ<\/strong><\/em><\/p>\n","protected":false},"excerpt":{"rendered":"<p>ITAPETINGA: Um fato absurdo revoltou boa parte dos moradores da rua Tiradentes, no centro da cidade, nesta quinta-feira, quando o vereador Jacy Almeida (Jacy B\u00f3) solicitou \u00e0 Comutran que guinchasse um ve\u00edculo que estacionara em frente \u00e0 sua casa, dificultando o acesso \u00e0\u00a0garagem, embora o ve\u00edculo n\u00e3o estivesse estacionado em frente \u00e0 mesma. Prestigiando a [&hellip;]<\/p>\n","protected":false},"author":2,"featured_media":0,"comment_status":"open","ping_status":"open","sticky":false,"template":"","format":"standard","meta":{"footnotes":"","_links_to":"","_links_to_target":""},"categories":[1],"tags":[],"class_list":["post-3948","post","type-post","status-publish","format-standard","hentry","category-geral"],"views":1318,"_links":{"self":[{"href":"https:\/\/www.sudoestehoje.com.br\/novoportal\/wp-json\/wp\/v2\/posts\/3948","targetHints":{"allow":["GET"]}}],"collection":[{"href":"https:\/\/www.sudoestehoje.com.br\/novoportal\/wp-json\/wp\/v2\/posts"}],"about":[{"href":"https:\/\/www.sudoestehoje.com.br\/novoportal\/wp-json\/wp\/v2\/types\/post"}],"author":[{"embeddable":true,"href":"https:\/\/www.sudoestehoje.com.br\/novoportal\/wp-json\/wp\/v2\/users\/2"}],"replies":[{"embeddable":true,"href":"https:\/\/www.sudoestehoje.com.br\/novoportal\/wp-json\/wp\/v2\/comments?post=3948"}],"version-history":[{"count":7,"href":"https:\/\/www.sudoestehoje.com.br\/novoportal\/wp-json\/wp\/v2\/posts\/3948\/revisions"}],"predecessor-version":[{"id":3955,"href":"https:\/\/www.sudoestehoje.com.br\/novoportal\/wp-json\/wp\/v2\/posts\/3948\/revisions\/3955"}],"wp:attachment":[{"href":"https:\/\/www.sudoestehoje.com.br\/novoportal\/wp-json\/wp\/v2\/media?parent=3948"}],"wp:term":[{"taxonomy":"category","embeddable":true,"href":"https:\/\/www.sudoestehoje.com.br\/novoportal\/wp-json\/wp\/v2\/categories?post=3948"},{"taxonomy":"post_tag","embeddable":true,"href":"https:\/\/www.sudoestehoje.com.br\/novoportal\/wp-json\/wp\/v2\/tags?post=3948"}],"curies":[{"name":"wp","href":"https:\/\/api.w.org\/{rel}","templated":true}]}}