
{"id":39454,"date":"2014-07-29T01:01:13","date_gmt":"2014-07-29T04:01:13","guid":{"rendered":"http:\/\/www.sudoestehoje.com.br\/novoportal\/?p=39454"},"modified":"2014-07-29T01:13:23","modified_gmt":"2014-07-29T04:13:23","slug":"ronaldinho-gaucho-nao-e-mais-jogador-do-atletico-mineiro","status":"publish","type":"post","link":"https:\/\/www.sudoestehoje.com.br\/novoportal\/2014\/07\/29\/ronaldinho-gaucho-nao-e-mais-jogador-do-atletico-mineiro\/","title":{"rendered":"RONALDINHO GA\u00daCHO N\u00c3O \u00c9 MAIS JOGADOR DO ATL\u00c9TICO MINEIRO"},"content":{"rendered":"<p><a href=\"http:\/\/www.sudoestehoje.com.br\/novoportal\/wp-content\/uploads\/2014\/07\/ronaldinho_atletico.jpg\"><img loading=\"lazy\" decoding=\"async\" class=\"aligncenter size-medium wp-image-39455\" alt=\"ronaldinho_atletico\" src=\"http:\/\/www.sudoestehoje.com.br\/novoportal\/wp-content\/uploads\/2014\/07\/ronaldinho_atletico-500x281.jpg\" width=\"500\" height=\"281\" srcset=\"https:\/\/www.sudoestehoje.com.br\/novoportal\/wp-content\/uploads\/2014\/07\/ronaldinho_atletico-500x281.jpg 500w, https:\/\/www.sudoestehoje.com.br\/novoportal\/wp-content\/uploads\/2014\/07\/ronaldinho_atletico.jpg 597w\" sizes=\"auto, (max-width: 500px) 100vw, 500px\" \/><\/a><\/p>\n<p>O presidente do Atl\u00e9tico-MG, Alexandre Kalil, confirmou nesta segunda-feira o fim da passagem de Ronaldinho Ga\u00facho pelo clube mineiro. A rescis\u00e3o do contrato foi definida nesta manh\u00e3 de forma amig\u00e1vel entre a diretoria e o empres\u00e1rio e irm\u00e3o do atacante, Roberto de Assis.<\/p>\n<p>&#8220;N\u00e3o conto mais com Ronaldinho&#8221;, disse Kalil, em entrevista \u00e0 Sportv. &#8220;Terminou o ciclo do Ronaldinho conosco, infelizmente. Porque ele \u00e9 um \u00eddolo de todos n\u00f3s. Todo mundo gosta do seu futebol, da maneira que ele joga, ele \u00e9 muito carism\u00e1tico. Mas \u00e9 assim que funciona, ele est\u00e1 saindo e a gente vai seguir sem ele&#8221;.<\/p>\n<p>Na quarta-feira, Ronaldinho vai conceder entrevista na Cidade do Galo, para falar sobre seu futuro. Apesar de n\u00e3o haver confirma\u00e7\u00e3o, \u00e9 prov\u00e1vel que o jogador se transfira para o New York Red Bulls, dos Estados Unidos. No final de semana, seu irm\u00e3o esteve em Nova York para conversar com os dirigentes do clube norte-americano. H\u00e1 tamb\u00e9m proposta do Boca Junior, da Argentina, e de uma equipe do Catar. BN<\/p>\n<p><img decoding=\"async\" class=\"aligncenter\" alt=\"SERVLAR BANNER\" src=\"http:\/\/www.sudoestehoje.com.br\/novoportal\/wp-content\/uploads\/2014\/06\/SERVLAR-BANNER4-500x178.jpg\" \/><\/p>\n","protected":false},"excerpt":{"rendered":"<p>O presidente do Atl\u00e9tico-MG, Alexandre Kalil, confirmou nesta segunda-feira o fim da passagem de Ronaldinho Ga\u00facho pelo clube mineiro. A rescis\u00e3o do contrato foi definida nesta manh\u00e3 de forma amig\u00e1vel entre a diretoria e o empres\u00e1rio e irm\u00e3o do atacante, Roberto de Assis. &#8220;N\u00e3o conto mais com Ronaldinho&#8221;, disse Kalil, em entrevista \u00e0 Sportv. &#8220;Terminou [&hellip;]<\/p>\n","protected":false},"author":2,"featured_media":0,"comment_status":"open","ping_status":"open","sticky":false,"template":"","format":"standard","meta":{"footnotes":"","_links_to":"","_links_to_target":""},"categories":[1],"tags":[],"class_list":["post-39454","post","type-post","status-publish","format-standard","hentry","category-geral"],"views":3986,"_links":{"self":[{"href":"https:\/\/www.sudoestehoje.com.br\/novoportal\/wp-json\/wp\/v2\/posts\/39454","targetHints":{"allow":["GET"]}}],"collection":[{"href":"https:\/\/www.sudoestehoje.com.br\/novoportal\/wp-json\/wp\/v2\/posts"}],"about":[{"href":"https:\/\/www.sudoestehoje.com.br\/novoportal\/wp-json\/wp\/v2\/types\/post"}],"author":[{"embeddable":true,"href":"https:\/\/www.sudoestehoje.com.br\/novoportal\/wp-json\/wp\/v2\/users\/2"}],"replies":[{"embeddable":true,"href":"https:\/\/www.sudoestehoje.com.br\/novoportal\/wp-json\/wp\/v2\/comments?post=39454"}],"version-history":[{"count":4,"href":"https:\/\/www.sudoestehoje.com.br\/novoportal\/wp-json\/wp\/v2\/posts\/39454\/revisions"}],"predecessor-version":[{"id":39464,"href":"https:\/\/www.sudoestehoje.com.br\/novoportal\/wp-json\/wp\/v2\/posts\/39454\/revisions\/39464"}],"wp:attachment":[{"href":"https:\/\/www.sudoestehoje.com.br\/novoportal\/wp-json\/wp\/v2\/media?parent=39454"}],"wp:term":[{"taxonomy":"category","embeddable":true,"href":"https:\/\/www.sudoestehoje.com.br\/novoportal\/wp-json\/wp\/v2\/categories?post=39454"},{"taxonomy":"post_tag","embeddable":true,"href":"https:\/\/www.sudoestehoje.com.br\/novoportal\/wp-json\/wp\/v2\/tags?post=39454"}],"curies":[{"name":"wp","href":"https:\/\/api.w.org\/{rel}","templated":true}]}}