
{"id":39452,"date":"2014-07-29T00:47:00","date_gmt":"2014-07-29T03:47:00","guid":{"rendered":"http:\/\/www.sudoestehoje.com.br\/novoportal\/?p=39452"},"modified":"2014-07-29T01:04:36","modified_gmt":"2014-07-29T04:04:36","slug":"adolescente-morre-apos-pegar-ponga-em-caminhao-na-rio-bahia","status":"publish","type":"post","link":"https:\/\/www.sudoestehoje.com.br\/novoportal\/2014\/07\/29\/adolescente-morre-apos-pegar-ponga-em-caminhao-na-rio-bahia\/","title":{"rendered":"ADOLESCENTE MORRE AP\u00d3S PEGAR &#8220;PONGA&#8221; EM CAMINH\u00c3O NA RIO-BAHIA"},"content":{"rendered":"<p style=\"text-align: center;\"><img loading=\"lazy\" decoding=\"async\" class=\"aligncenter\" alt=\"DSC_1543\" src=\"http:\/\/static.blogdaresenhageral.com.br\/wp-content\/uploads\/2014\/07\/DSC_1543.jpg?150b87\" width=\"500\" height=\"300\" \/><\/p>\n<p>Um adolescente morreu em Vit\u00f3ria da Conquista, depois de pegar \u201cponga\u201d em um caminh\u00e3o na Avenida Integra\u00e7\u00e3o, no trecho pr\u00f3ximo a Rodovi\u00e1ria. O acidente aconteceu por volta das 16h desta segunda-feira (28).<\/p>\n<p>O garoto estaria voltando de bicicleta do trabalho, quando decidiu pegar \u201cponga\u201d em um caminh\u00e3o. Segundo informa\u00e7\u00e3o da Pol\u00edcia Rodovi\u00e1ria Federal, Mateus Brito Souza, de 16 anos, perdeu o controle da bicicleta e caiu embaixo do caminh\u00e3o. Na queda, as rodas traseiras do ve\u00edculo passaram por cima do garoto.<\/p>\n<p>O adolescente morreu no momento do impacto. Um irm\u00e3o da v\u00edtima chegou ao local e comentou que \u201cele era um menino muito bom.&#8221; Blog da Resenha Geral<\/p>\n<p>&nbsp;<\/p>\n<p><img decoding=\"async\" class=\"aligncenter\" alt=\"Turmalina1\" src=\"http:\/\/www.sudoestehoje.com.br\/novoportal\/wp-content\/uploads\/2014\/06\/Turmalina12-500x168.jpg\" \/><\/p>\n","protected":false},"excerpt":{"rendered":"<p>Um adolescente morreu em Vit\u00f3ria da Conquista, depois de pegar \u201cponga\u201d em um caminh\u00e3o na Avenida Integra\u00e7\u00e3o, no trecho pr\u00f3ximo a Rodovi\u00e1ria. O acidente aconteceu por volta das 16h desta segunda-feira (28). O garoto estaria voltando de bicicleta do trabalho, quando decidiu pegar \u201cponga\u201d em um caminh\u00e3o. Segundo informa\u00e7\u00e3o da Pol\u00edcia Rodovi\u00e1ria Federal, Mateus Brito [&hellip;]<\/p>\n","protected":false},"author":2,"featured_media":0,"comment_status":"open","ping_status":"open","sticky":false,"template":"","format":"standard","meta":{"footnotes":"","_links_to":"","_links_to_target":""},"categories":[1],"tags":[],"class_list":["post-39452","post","type-post","status-publish","format-standard","hentry","category-geral"],"views":1071,"_links":{"self":[{"href":"https:\/\/www.sudoestehoje.com.br\/novoportal\/wp-json\/wp\/v2\/posts\/39452","targetHints":{"allow":["GET"]}}],"collection":[{"href":"https:\/\/www.sudoestehoje.com.br\/novoportal\/wp-json\/wp\/v2\/posts"}],"about":[{"href":"https:\/\/www.sudoestehoje.com.br\/novoportal\/wp-json\/wp\/v2\/types\/post"}],"author":[{"embeddable":true,"href":"https:\/\/www.sudoestehoje.com.br\/novoportal\/wp-json\/wp\/v2\/users\/2"}],"replies":[{"embeddable":true,"href":"https:\/\/www.sudoestehoje.com.br\/novoportal\/wp-json\/wp\/v2\/comments?post=39452"}],"version-history":[{"count":2,"href":"https:\/\/www.sudoestehoje.com.br\/novoportal\/wp-json\/wp\/v2\/posts\/39452\/revisions"}],"predecessor-version":[{"id":39458,"href":"https:\/\/www.sudoestehoje.com.br\/novoportal\/wp-json\/wp\/v2\/posts\/39452\/revisions\/39458"}],"wp:attachment":[{"href":"https:\/\/www.sudoestehoje.com.br\/novoportal\/wp-json\/wp\/v2\/media?parent=39452"}],"wp:term":[{"taxonomy":"category","embeddable":true,"href":"https:\/\/www.sudoestehoje.com.br\/novoportal\/wp-json\/wp\/v2\/categories?post=39452"},{"taxonomy":"post_tag","embeddable":true,"href":"https:\/\/www.sudoestehoje.com.br\/novoportal\/wp-json\/wp\/v2\/tags?post=39452"}],"curies":[{"name":"wp","href":"https:\/\/api.w.org\/{rel}","templated":true}]}}