
{"id":3944,"date":"2011-03-19T09:32:43","date_gmt":"2011-03-19T12:32:43","guid":{"rendered":"http:\/\/www.sudoestehoje.com.br\/novoportal\/?p=3944"},"modified":"2011-03-19T09:35:53","modified_gmt":"2011-03-19T12:35:53","slug":"geddel-nega-indicacao-a-cargo-na-caixa","status":"publish","type":"post","link":"https:\/\/www.sudoestehoje.com.br\/novoportal\/2011\/03\/19\/geddel-nega-indicacao-a-cargo-na-caixa\/","title":{"rendered":"GEDDEL NEGA QUE FOI INDICADO PARA VICE-PRESID\u00caNCIA DA CAIXA"},"content":{"rendered":"<p style=\"text-align: center;\"><img decoding=\"async\" src=\"http:\/\/www.osarrafo.com.br\/v1\/wp-content\/uploads\/geddel-sentado-olhando-pra-cima.jpg\" alt=\"\" \/><\/p>\n<p style=\"text-align: center;\"><em><strong>Geddel deu um &#8216;tiro no escuro&#8217; e acabou sozinho<\/strong><\/em><\/p>\n<p>\u00a0<\/p>\n<p>As especula\u00e7\u00f5es em torno de uma indica\u00e7\u00e3o a cargo federal, no segundo escal\u00e3o do governo Dilma Rousseff (PT) continuam a rondar o seio pol\u00edtico do PMDB estadual. Ontem, o nome do ex-ministro Geddel Vieira Lima, lideran\u00e7a do partido na Bahia voltou a ser dado como certo pela imprensa nacional para ocupar uma das vice-presid\u00eancias da Caixa Econ\u00f4mica Federal.<\/p>\n<p>No entanto, a poss\u00edvel confirma\u00e7\u00e3o de seu nome a frente da institui\u00e7\u00e3o foi veementemente negada pelo peemedebista, que deixou o cargo de ministro da Integra\u00e7\u00e3o Nacional, do ent\u00e3o governo Lula, ano passado para disputar o comando do governo baiano. Em conversa com a Tribuna, Geddel, que aniversariou ontem disse estar muito \u201cfeliz\u201d na iniciativa privada e alfinetou o novo partido, que segundo est\u00e1 sendo criado apenas para burlar a legisla\u00e7\u00e3o.<\/p>\n<p>Ao seu estilo, Geddel classificou a suposta indica\u00e7\u00e3o pela base do PMDB nacional como \u201cuma especula\u00e7\u00e3o natural\u201d. \u201cJ\u00e1 saiu tanta coisa que nem ligo mais. Mas quero dizer que n\u00e3o fui convidado, nem estou postulando nada. Eu n\u00e3o escondo o jogo. Minha participa\u00e7\u00e3o na pol\u00edtica hoje tem sido atrav\u00e9s das viagens pelo interior e nas entrevistas que concedo a imprensa\u201d, afirmou. (Tribuna)<\/p>\n","protected":false},"excerpt":{"rendered":"<p>Geddel deu um &#8216;tiro no escuro&#8217; e acabou sozinho \u00a0 As especula\u00e7\u00f5es em torno de uma indica\u00e7\u00e3o a cargo federal, no segundo escal\u00e3o do governo Dilma Rousseff (PT) continuam a rondar o seio pol\u00edtico do PMDB estadual. Ontem, o nome do ex-ministro Geddel Vieira Lima, lideran\u00e7a do partido na Bahia voltou a ser dado como [&hellip;]<\/p>\n","protected":false},"author":2,"featured_media":0,"comment_status":"open","ping_status":"open","sticky":false,"template":"","format":"standard","meta":{"footnotes":"","_links_to":"","_links_to_target":""},"categories":[1],"tags":[],"class_list":["post-3944","post","type-post","status-publish","format-standard","hentry","category-geral"],"views":1136,"_links":{"self":[{"href":"https:\/\/www.sudoestehoje.com.br\/novoportal\/wp-json\/wp\/v2\/posts\/3944","targetHints":{"allow":["GET"]}}],"collection":[{"href":"https:\/\/www.sudoestehoje.com.br\/novoportal\/wp-json\/wp\/v2\/posts"}],"about":[{"href":"https:\/\/www.sudoestehoje.com.br\/novoportal\/wp-json\/wp\/v2\/types\/post"}],"author":[{"embeddable":true,"href":"https:\/\/www.sudoestehoje.com.br\/novoportal\/wp-json\/wp\/v2\/users\/2"}],"replies":[{"embeddable":true,"href":"https:\/\/www.sudoestehoje.com.br\/novoportal\/wp-json\/wp\/v2\/comments?post=3944"}],"version-history":[{"count":3,"href":"https:\/\/www.sudoestehoje.com.br\/novoportal\/wp-json\/wp\/v2\/posts\/3944\/revisions"}],"predecessor-version":[{"id":3946,"href":"https:\/\/www.sudoestehoje.com.br\/novoportal\/wp-json\/wp\/v2\/posts\/3944\/revisions\/3946"}],"wp:attachment":[{"href":"https:\/\/www.sudoestehoje.com.br\/novoportal\/wp-json\/wp\/v2\/media?parent=3944"}],"wp:term":[{"taxonomy":"category","embeddable":true,"href":"https:\/\/www.sudoestehoje.com.br\/novoportal\/wp-json\/wp\/v2\/categories?post=3944"},{"taxonomy":"post_tag","embeddable":true,"href":"https:\/\/www.sudoestehoje.com.br\/novoportal\/wp-json\/wp\/v2\/tags?post=3944"}],"curies":[{"name":"wp","href":"https:\/\/api.w.org\/{rel}","templated":true}]}}