
{"id":39426,"date":"2014-07-28T22:37:40","date_gmt":"2014-07-29T01:37:40","guid":{"rendered":"http:\/\/www.sudoestehoje.com.br\/novoportal\/?p=39426"},"modified":"2014-07-29T01:06:06","modified_gmt":"2014-07-29T04:06:06","slug":"caldeirao-grande-chefe-de-gabinete-do-prefeito-recebe-bolsa-familia","status":"publish","type":"post","link":"https:\/\/www.sudoestehoje.com.br\/novoportal\/2014\/07\/28\/caldeirao-grande-chefe-de-gabinete-do-prefeito-recebe-bolsa-familia\/","title":{"rendered":"CALDEIR\u00c3O GRANDE: CHEFE DE GABINETE DO PREFEITO RECEBE BOLSA FAM\u00cdLIA"},"content":{"rendered":"<div id=\"attachment_39427\" style=\"width: 415px\" class=\"wp-caption aligncenter\"><a href=\"http:\/\/www.sudoestehoje.com.br\/novoportal\/wp-content\/uploads\/2014\/07\/foto-Nadja.jpg\"><img loading=\"lazy\" decoding=\"async\" aria-describedby=\"caption-attachment-39427\" class=\"size-medium wp-image-39427\" alt=\"Segundo den\u00fancia do candidato Aleluia, chefe de gabinete do prefeito petista de Caldeir\u00e3o Grande \u00e9 benefici\u00e1ria do Bolsa Fam\u00edlia. A den\u00fancia foi  publicada no jornal A Tarde.\" src=\"http:\/\/www.sudoestehoje.com.br\/novoportal\/wp-content\/uploads\/2014\/07\/foto-Nadja-405x500.jpg\" width=\"405\" height=\"500\" srcset=\"https:\/\/www.sudoestehoje.com.br\/novoportal\/wp-content\/uploads\/2014\/07\/foto-Nadja-405x500.jpg 405w, https:\/\/www.sudoestehoje.com.br\/novoportal\/wp-content\/uploads\/2014\/07\/foto-Nadja.jpg 417w\" sizes=\"auto, (max-width: 405px) 100vw, 405px\" \/><\/a><p id=\"caption-attachment-39427\" class=\"wp-caption-text\">Segundo den\u00fancia do candidato a deputado Jos\u00e9 Carlos Aleluia (DEM), a chefe de gabinete do prefeito petista de Caldeir\u00e3o Grande \u00e9 benefici\u00e1ria do Bolsa Fam\u00edlia. A den\u00fancia foi publicada no jornal A Tarde.<\/p><\/div>\n<p id=\"yui_3_16_0_1_1406590968486_14302\">\u201cO Minist\u00e9rio P\u00fablico precisa urgentemente investigar a inclus\u00e3o no Bolsa Fam\u00edlia da chefe de gabinete do prefeito petista de Caldeir\u00e3o Grande. \u00c9 um absurdo que uma servidora que ganha R$ 3 mil por m\u00eas se beneficie do programa social destinado \u00e0s pessoas carentes\u201d, diz o presidente estadual do Democratas, Jos\u00e9 Carlos Aleluia, repercutindo a den\u00fancia feita pela coluna Tempo Presente, do jornal A Tarde, nesta segunda-feira (28).<\/p>\n<p>Segundo a nota publicada pelo jornalista Donaldson Gomes, Nadja Cajado, chefe de gabinete do prefeito Jo\u00e3o Gama Neto (PT), recebe o benef\u00edcio desde 2006, o que j\u00e1 lhe rendeu R$ 8.347, conforme o Portal da Transpar\u00eancia. \u201cIsto \u00e9 um crime. Uma pessoa que n\u00e3o precisa nem tem direito ficar com o dinheiro que deveria servir para ajudar na sobreviv\u00eancia de fam\u00edlias pobres. O PT \u00e9 c\u00famplice!\u201d, comenta Aleluia.<\/p>\n<p>O l\u00edder democrata destaca que, de acordo com a nota de A Tarde, quando o caso foi denunciado pelo vereador Pedro Henrique (PDT) em Caldeir\u00e3o Grande, a \u00fanica punida foi a gestora do programa social. \u201cO prefeito petista mant\u00e9m at\u00e9 hoje a sua colaboradora que usurpa o Bolsa Fam\u00edlia. Uma vergonha!\u201d, reclama.<\/p>\n<p id=\"yui_3_16_0_1_1406590968486_14294\">Aleluia lembra que os recursos do Bolsa Fam\u00edlia s\u00e3o do Fundo de Combate \u00e0 Pobreza, criado pelo saudoso senador Antonio Carlos Magalh\u00e3es. \u201cO Minist\u00e9rio P\u00fablico n\u00e3o pode permitir que esse fundo seja agora destinado a locupletar os apaniguados bem de vida do PT\u201d, afirma.<\/p>\n<p><img decoding=\"async\" class=\"aligncenter\" alt=\"\" src=\"http:\/\/www.blogdodigadiga.com.br\/v1\/wp-content\/uploads\/2014\/07\/10294233_488450524624288_7784515067055805951_n.jpg\" width=\"500\" \/><\/p>\n","protected":false},"excerpt":{"rendered":"<p>\u201cO Minist\u00e9rio P\u00fablico precisa urgentemente investigar a inclus\u00e3o no Bolsa Fam\u00edlia da chefe de gabinete do prefeito petista de Caldeir\u00e3o Grande. \u00c9 um absurdo que uma servidora que ganha R$ 3 mil por m\u00eas se beneficie do programa social destinado \u00e0s pessoas carentes\u201d, diz o presidente estadual do Democratas, Jos\u00e9 Carlos Aleluia, repercutindo a den\u00fancia [&hellip;]<\/p>\n","protected":false},"author":2,"featured_media":0,"comment_status":"open","ping_status":"open","sticky":false,"template":"","format":"standard","meta":{"footnotes":"","_links_to":"","_links_to_target":""},"categories":[1],"tags":[],"class_list":["post-39426","post","type-post","status-publish","format-standard","hentry","category-geral"],"views":1220,"_links":{"self":[{"href":"https:\/\/www.sudoestehoje.com.br\/novoportal\/wp-json\/wp\/v2\/posts\/39426","targetHints":{"allow":["GET"]}}],"collection":[{"href":"https:\/\/www.sudoestehoje.com.br\/novoportal\/wp-json\/wp\/v2\/posts"}],"about":[{"href":"https:\/\/www.sudoestehoje.com.br\/novoportal\/wp-json\/wp\/v2\/types\/post"}],"author":[{"embeddable":true,"href":"https:\/\/www.sudoestehoje.com.br\/novoportal\/wp-json\/wp\/v2\/users\/2"}],"replies":[{"embeddable":true,"href":"https:\/\/www.sudoestehoje.com.br\/novoportal\/wp-json\/wp\/v2\/comments?post=39426"}],"version-history":[{"count":2,"href":"https:\/\/www.sudoestehoje.com.br\/novoportal\/wp-json\/wp\/v2\/posts\/39426\/revisions"}],"predecessor-version":[{"id":39459,"href":"https:\/\/www.sudoestehoje.com.br\/novoportal\/wp-json\/wp\/v2\/posts\/39426\/revisions\/39459"}],"wp:attachment":[{"href":"https:\/\/www.sudoestehoje.com.br\/novoportal\/wp-json\/wp\/v2\/media?parent=39426"}],"wp:term":[{"taxonomy":"category","embeddable":true,"href":"https:\/\/www.sudoestehoje.com.br\/novoportal\/wp-json\/wp\/v2\/categories?post=39426"},{"taxonomy":"post_tag","embeddable":true,"href":"https:\/\/www.sudoestehoje.com.br\/novoportal\/wp-json\/wp\/v2\/tags?post=39426"}],"curies":[{"name":"wp","href":"https:\/\/api.w.org\/{rel}","templated":true}]}}