
{"id":39393,"date":"2014-07-28T15:16:40","date_gmt":"2014-07-28T18:16:40","guid":{"rendered":"http:\/\/www.sudoestehoje.com.br\/novoportal\/?p=39393"},"modified":"2014-07-28T15:16:40","modified_gmt":"2014-07-28T18:16:40","slug":"paulo-souto-inaugura-comite-eleitoral-em-conquista-na-quinta","status":"publish","type":"post","link":"https:\/\/www.sudoestehoje.com.br\/novoportal\/2014\/07\/28\/paulo-souto-inaugura-comite-eleitoral-em-conquista-na-quinta\/","title":{"rendered":"PAULO SOUTO INAUGURA COMIT\u00ca ELEITORAL EM CONQUISTA NA QUINTA"},"content":{"rendered":"<p><img decoding=\"async\" class=\"aligncenter\" alt=\"\" src=\"http:\/\/www.agravo.blog.br\/wp-content\/uploads\/2014\/04\/Vitoria-da-Conquista_foto-Valter-Pontes_Coperphoto16.jpg\" \/><\/p>\n<p>O candidato ao Governo do Estado pelo partido Democratas, Paulo Souto, inaugura o comit\u00ea regional de Vit\u00f3ria da Conquista na tarde da pr\u00f3xima quinta-feira (31). A central de articula\u00e7\u00f5es de campanha da chapa oposicionista ficar\u00e1 localizada na Avenida Lauro de Freitas, no centro da cidade, pr\u00f3ximo ao terminal de \u00f4nibus.<\/p>\n<p>A inaugura\u00e7\u00e3o pretende reunir os tr\u00eas candidatos da chapa majorit\u00e1ria, Paulo Souto, seu candidato a vice, Joaci Go\u00e9s (PSDB), e o candidato ao Senado, Geddel Vieira Lima (PMDB). O encontro tamb\u00e9m deve atrair a presen\u00e7a dos candidatos a deputado estadual e federal do bloco de oposi\u00e7\u00e3o, al\u00e9m de prefeitos, vice-prefeitos, vereadores e lideran\u00e7as da regi\u00e3o Sudoeste.<\/p>\n<p>A previs\u00e3o de desembarque da comitiva no aeroporto Pedro Otac\u00edlio de Figueiredo \u00e9 por volta das 15h. Em seguida, a comitiva ir\u00e1, em carreata, para o comit\u00ea. Blog da Resenha Geral<\/p>\n","protected":false},"excerpt":{"rendered":"<p>O candidato ao Governo do Estado pelo partido Democratas, Paulo Souto, inaugura o comit\u00ea regional de Vit\u00f3ria da Conquista na tarde da pr\u00f3xima quinta-feira (31). A central de articula\u00e7\u00f5es de campanha da chapa oposicionista ficar\u00e1 localizada na Avenida Lauro de Freitas, no centro da cidade, pr\u00f3ximo ao terminal de \u00f4nibus. A inaugura\u00e7\u00e3o pretende reunir os [&hellip;]<\/p>\n","protected":false},"author":2,"featured_media":0,"comment_status":"open","ping_status":"open","sticky":false,"template":"","format":"standard","meta":{"footnotes":"","_links_to":"","_links_to_target":""},"categories":[1],"tags":[],"class_list":["post-39393","post","type-post","status-publish","format-standard","hentry","category-geral"],"views":1137,"_links":{"self":[{"href":"https:\/\/www.sudoestehoje.com.br\/novoportal\/wp-json\/wp\/v2\/posts\/39393","targetHints":{"allow":["GET"]}}],"collection":[{"href":"https:\/\/www.sudoestehoje.com.br\/novoportal\/wp-json\/wp\/v2\/posts"}],"about":[{"href":"https:\/\/www.sudoestehoje.com.br\/novoportal\/wp-json\/wp\/v2\/types\/post"}],"author":[{"embeddable":true,"href":"https:\/\/www.sudoestehoje.com.br\/novoportal\/wp-json\/wp\/v2\/users\/2"}],"replies":[{"embeddable":true,"href":"https:\/\/www.sudoestehoje.com.br\/novoportal\/wp-json\/wp\/v2\/comments?post=39393"}],"version-history":[{"count":1,"href":"https:\/\/www.sudoestehoje.com.br\/novoportal\/wp-json\/wp\/v2\/posts\/39393\/revisions"}],"predecessor-version":[{"id":39394,"href":"https:\/\/www.sudoestehoje.com.br\/novoportal\/wp-json\/wp\/v2\/posts\/39393\/revisions\/39394"}],"wp:attachment":[{"href":"https:\/\/www.sudoestehoje.com.br\/novoportal\/wp-json\/wp\/v2\/media?parent=39393"}],"wp:term":[{"taxonomy":"category","embeddable":true,"href":"https:\/\/www.sudoestehoje.com.br\/novoportal\/wp-json\/wp\/v2\/categories?post=39393"},{"taxonomy":"post_tag","embeddable":true,"href":"https:\/\/www.sudoestehoje.com.br\/novoportal\/wp-json\/wp\/v2\/tags?post=39393"}],"curies":[{"name":"wp","href":"https:\/\/api.w.org\/{rel}","templated":true}]}}