
{"id":39376,"date":"2014-07-28T09:26:53","date_gmt":"2014-07-28T12:26:53","guid":{"rendered":"http:\/\/www.sudoestehoje.com.br\/novoportal\/?p=39376"},"modified":"2014-07-28T15:05:00","modified_gmt":"2014-07-28T18:05:00","slug":"antonio-brito-visita-bairros-e-inaugura-comite-no-sao-francisco","status":"publish","type":"post","link":"https:\/\/www.sudoestehoje.com.br\/novoportal\/2014\/07\/28\/antonio-brito-visita-bairros-e-inaugura-comite-no-sao-francisco\/","title":{"rendered":"ANT\u00d4NIO BRITO VISITA BAIRROS E INAUGURA COMIT\u00ca NO S\u00c3O FRANCISCO"},"content":{"rendered":"<div id=\"attachment_39377\" style=\"width: 510px\" class=\"wp-caption aligncenter\"><a href=\"http:\/\/www.sudoestehoje.com.br\/novoportal\/wp-content\/uploads\/2014\/07\/GEDC0790.jpg\"><img loading=\"lazy\" decoding=\"async\" aria-describedby=\"caption-attachment-39377\" class=\"size-medium wp-image-39377\" alt=\"Ao lado de K\u00e1tia, Leo Matos e Diva, o deputado Ant\u00f4nio Brito inaugurou o comit\u00ea conjunto com o deputado T\u00edm\u00f3teo, no S\u00e3o Francisco. Fotos Sudoeste Hoje.\" src=\"http:\/\/www.sudoestehoje.com.br\/novoportal\/wp-content\/uploads\/2014\/07\/GEDC0790-500x375.jpg\" width=\"500\" height=\"375\" srcset=\"https:\/\/www.sudoestehoje.com.br\/novoportal\/wp-content\/uploads\/2014\/07\/GEDC0790-500x375.jpg 500w, https:\/\/www.sudoestehoje.com.br\/novoportal\/wp-content\/uploads\/2014\/07\/GEDC0790.jpg 640w\" sizes=\"auto, (max-width: 500px) 100vw, 500px\" \/><\/a><p id=\"caption-attachment-39377\" class=\"wp-caption-text\">Ao lado de K\u00e1tia, Leo Matos e Diva, o deputado Ant\u00f4nio Brito inaugurou o comit\u00ea conjunto com o deputado T\u00edm\u00f3teo, no S\u00e3o Francisco. Fotos Sudoeste Hoje.<\/p><\/div>\n<p>ITAPETINGA: Na manh\u00e3 deste domingo o deputado federal Ant\u00f4nio Brito, juntamente com o advogado Leonardo Matos, assessores e apoiadores, visitaram os bairros Am\u00e9rico Nogueira e Quintas do Sul, onde foi bem recebido pelos moradores, que o saudaram e agradeceram pelo empenho e esfor\u00e7o para trazer a Funda\u00e7\u00e3o Jos\u00e9 Silveira para Itapetinga, o que possibilitou a reestrutura\u00e7\u00e3o do Hospital Cristo Redentor e reabertura do Hospital Raimundo Perazzo, fechado desastrosamente por mera persegui\u00e7\u00e3o pol\u00edtica.<\/p>\n<p><a href=\"http:\/\/www.sudoestehoje.com.br\/novoportal\/wp-content\/uploads\/2014\/07\/GEDC0801.jpg\"><img loading=\"lazy\" decoding=\"async\" class=\"aligncenter size-medium wp-image-39378\" alt=\"GEDSC DIGITAL CAMERA\" src=\"http:\/\/www.sudoestehoje.com.br\/novoportal\/wp-content\/uploads\/2014\/07\/GEDC0801-500x375.jpg\" width=\"500\" height=\"375\" srcset=\"https:\/\/www.sudoestehoje.com.br\/novoportal\/wp-content\/uploads\/2014\/07\/GEDC0801-500x375.jpg 500w, https:\/\/www.sudoestehoje.com.br\/novoportal\/wp-content\/uploads\/2014\/07\/GEDC0801.jpg 640w\" sizes=\"auto, (max-width: 500px) 100vw, 500px\" \/><\/a><\/p>\n<p>Na inaugura\u00e7\u00e3o do comit\u00ea no bairro S\u00e3o Francisco, Brito esclareceu de vez a quest\u00e3o da implanta\u00e7\u00e3o do UTI no Cristo Redentor, afirmando que foi um compromisso que ele assumiu com a popula\u00e7\u00e3o de Itapetinga e que n\u00e3o com apoio de ningu\u00e9m para a sua execu\u00e7\u00e3o, a n\u00e3o ser da pr\u00f3pria Funda\u00e7\u00e3o Jos\u00e9 Silveira, que atendeu ao seu apelo e implantou os nove leitos da UTI no HCR.<\/p>\n<p><a href=\"http:\/\/www.sudoestehoje.com.br\/novoportal\/wp-content\/uploads\/2014\/07\/GEDC0795.jpg\"><img loading=\"lazy\" decoding=\"async\" class=\"aligncenter size-medium wp-image-39379\" alt=\"GEDSC DIGITAL CAMERA\" src=\"http:\/\/www.sudoestehoje.com.br\/novoportal\/wp-content\/uploads\/2014\/07\/GEDC0795-500x375.jpg\" width=\"500\" height=\"375\" srcset=\"https:\/\/www.sudoestehoje.com.br\/novoportal\/wp-content\/uploads\/2014\/07\/GEDC0795-500x375.jpg 500w, https:\/\/www.sudoestehoje.com.br\/novoportal\/wp-content\/uploads\/2014\/07\/GEDC0795.jpg 640w\" sizes=\"auto, (max-width: 500px) 100vw, 500px\" \/><\/a><\/p>\n<p>Durante o per\u00edodo da tarde o deputado foi recebido pelo m\u00e9dico Dr. Arnaldo e amigos, na Nova Itapetinga, viajando, em seguida, para Maiquinique, Itarantim e Potiragu\u00e1, onde tinha compromissos pol\u00edticos previamente agendados.<\/p>\n<p><a href=\"http:\/\/www.sudoestehoje.com.br\/novoportal\/wp-content\/uploads\/2014\/07\/GEDC0815.jpg\"><img loading=\"lazy\" decoding=\"async\" class=\"aligncenter size-medium wp-image-39391\" alt=\"GEDSC DIGITAL CAMERA\" src=\"http:\/\/www.sudoestehoje.com.br\/novoportal\/wp-content\/uploads\/2014\/07\/GEDC0815-500x375.jpg\" width=\"500\" height=\"375\" srcset=\"https:\/\/www.sudoestehoje.com.br\/novoportal\/wp-content\/uploads\/2014\/07\/GEDC0815-500x375.jpg 500w, https:\/\/www.sudoestehoje.com.br\/novoportal\/wp-content\/uploads\/2014\/07\/GEDC0815.jpg 640w\" sizes=\"auto, (max-width: 500px) 100vw, 500px\" \/><\/a><\/p>\n<p>Nesta segunda, Ant\u00f4nio Brito visita o com\u00e9rcio local, na parte da manh\u00e3, e `no final da tarde inaugura o seu comit\u00ea central na Avenida Kennedy, em frente ao Derba.<\/p>\n<p><strong><em>Por Davi Ferraz\u00a0<\/em><\/strong><\/p>\n","protected":false},"excerpt":{"rendered":"<p>ITAPETINGA: Na manh\u00e3 deste domingo o deputado federal Ant\u00f4nio Brito, juntamente com o advogado Leonardo Matos, assessores e apoiadores, visitaram os bairros Am\u00e9rico Nogueira e Quintas do Sul, onde foi bem recebido pelos moradores, que o saudaram e agradeceram pelo empenho e esfor\u00e7o para trazer a Funda\u00e7\u00e3o Jos\u00e9 Silveira para Itapetinga, o que possibilitou a [&hellip;]<\/p>\n","protected":false},"author":2,"featured_media":0,"comment_status":"open","ping_status":"open","sticky":false,"template":"","format":"standard","meta":{"footnotes":"","_links_to":"","_links_to_target":""},"categories":[1],"tags":[],"class_list":["post-39376","post","type-post","status-publish","format-standard","hentry","category-geral"],"views":1204,"_links":{"self":[{"href":"https:\/\/www.sudoestehoje.com.br\/novoportal\/wp-json\/wp\/v2\/posts\/39376","targetHints":{"allow":["GET"]}}],"collection":[{"href":"https:\/\/www.sudoestehoje.com.br\/novoportal\/wp-json\/wp\/v2\/posts"}],"about":[{"href":"https:\/\/www.sudoestehoje.com.br\/novoportal\/wp-json\/wp\/v2\/types\/post"}],"author":[{"embeddable":true,"href":"https:\/\/www.sudoestehoje.com.br\/novoportal\/wp-json\/wp\/v2\/users\/2"}],"replies":[{"embeddable":true,"href":"https:\/\/www.sudoestehoje.com.br\/novoportal\/wp-json\/wp\/v2\/comments?post=39376"}],"version-history":[{"count":6,"href":"https:\/\/www.sudoestehoje.com.br\/novoportal\/wp-json\/wp\/v2\/posts\/39376\/revisions"}],"predecessor-version":[{"id":39392,"href":"https:\/\/www.sudoestehoje.com.br\/novoportal\/wp-json\/wp\/v2\/posts\/39376\/revisions\/39392"}],"wp:attachment":[{"href":"https:\/\/www.sudoestehoje.com.br\/novoportal\/wp-json\/wp\/v2\/media?parent=39376"}],"wp:term":[{"taxonomy":"category","embeddable":true,"href":"https:\/\/www.sudoestehoje.com.br\/novoportal\/wp-json\/wp\/v2\/categories?post=39376"},{"taxonomy":"post_tag","embeddable":true,"href":"https:\/\/www.sudoestehoje.com.br\/novoportal\/wp-json\/wp\/v2\/tags?post=39376"}],"curies":[{"name":"wp","href":"https:\/\/api.w.org\/{rel}","templated":true}]}}