
{"id":39367,"date":"2014-07-27T20:09:44","date_gmt":"2014-07-27T23:09:44","guid":{"rendered":"http:\/\/www.sudoestehoje.com.br\/novoportal\/?p=39367"},"modified":"2014-07-27T20:39:34","modified_gmt":"2014-07-27T23:39:34","slug":"itapetinguense-charles-fabian-e-o-novo-tecnico-do-bahia","status":"publish","type":"post","link":"https:\/\/www.sudoestehoje.com.br\/novoportal\/2014\/07\/27\/itapetinguense-charles-fabian-e-o-novo-tecnico-do-bahia\/","title":{"rendered":"ITAPETINGUENSE CHARLES FABIAN ASSUME COMO T\u00c9CNICO INTERINO DO BAHIA"},"content":{"rendered":"<p style=\"text-align: center;\"><img decoding=\"async\" class=\"aligncenter\" alt=\"Charles\" src=\"http:\/\/www.esporteclubebahia.com.br\/wp-content\/uploads\/2014\/07\/Charles-304x280.jpg\" width=\"400\" \/><\/p>\n<p>O departamento de futebol profissional do Bahia comunicou, neste domingo, que o t\u00e9cnico da equipe sub-20, Charles Fabian, comandar\u00e1 o time profissional interinamente at\u00e9 que um novo treinador seja contratado.<\/p>\n<p>Charles tem 46 anos, \u00e9 natural de Itapetinga-BA e como jogador iniciou a carreira na divis\u00e3o de base do tricolor. Em 1988, o atacante subiu para o time profissional e entrou para hist\u00f3ria do clube sendo campe\u00e3o brasileiro, marcando 04 gols no torneio.<\/p>\n<p>Dois anos depois, em 1990, o Bahia foi 4\u00ba colocado no torneio nacional e Charles foi artilheiro da competi\u00e7\u00e3o, com 11 gols marcados.\u00a0Em 2006, Charles treinou\u00a0o tricolor na disputa\u00a0do Campeonato Baiano,\u00a0de forma interina,\u00a0mas logo foi efetivado\u00a0devido aos bons resultados.<\/p>\n<div>\n<p>Na S\u00e9rie C daquele\u00a0mesmo ano, Fabian\u00a0voltou ao comando\u00a0<span style=\"line-height: 1.5em;\">da equipe e liderou as tr\u00eas primeiras fases do torneio, mas acabou deixando a equipe no octogonal final.\u00a0<\/span><span style=\"line-height: 1.5em;\">Depois do Bahia, Charles comandou o Icasa-CE e o Votoraty-SP.\u00a0<\/span><span style=\"line-height: 1.5em;\">Em 2013, voltou ao Bahia para assumir o time sub-20 e conquistou o t\u00edtulo de campe\u00e3o baiano deste ano.<\/span><\/p>\n<\/div>\n<div>\n<p>Nesta segunda-feira, \u00e0s 15h, Charles comandar\u00e1 seu primeiro treinamento com o elenco principal do Esquadr\u00e3o.<\/p>\n<\/div>\n","protected":false},"excerpt":{"rendered":"<p>O departamento de futebol profissional do Bahia comunicou, neste domingo, que o t\u00e9cnico da equipe sub-20, Charles Fabian, comandar\u00e1 o time profissional interinamente at\u00e9 que um novo treinador seja contratado. Charles tem 46 anos, \u00e9 natural de Itapetinga-BA e como jogador iniciou a carreira na divis\u00e3o de base do tricolor. Em 1988, o atacante subiu [&hellip;]<\/p>\n","protected":false},"author":2,"featured_media":0,"comment_status":"open","ping_status":"open","sticky":false,"template":"","format":"standard","meta":{"footnotes":"","_links_to":"","_links_to_target":""},"categories":[1],"tags":[],"class_list":["post-39367","post","type-post","status-publish","format-standard","hentry","category-geral"],"views":1077,"_links":{"self":[{"href":"https:\/\/www.sudoestehoje.com.br\/novoportal\/wp-json\/wp\/v2\/posts\/39367","targetHints":{"allow":["GET"]}}],"collection":[{"href":"https:\/\/www.sudoestehoje.com.br\/novoportal\/wp-json\/wp\/v2\/posts"}],"about":[{"href":"https:\/\/www.sudoestehoje.com.br\/novoportal\/wp-json\/wp\/v2\/types\/post"}],"author":[{"embeddable":true,"href":"https:\/\/www.sudoestehoje.com.br\/novoportal\/wp-json\/wp\/v2\/users\/2"}],"replies":[{"embeddable":true,"href":"https:\/\/www.sudoestehoje.com.br\/novoportal\/wp-json\/wp\/v2\/comments?post=39367"}],"version-history":[{"count":8,"href":"https:\/\/www.sudoestehoje.com.br\/novoportal\/wp-json\/wp\/v2\/posts\/39367\/revisions"}],"predecessor-version":[{"id":39375,"href":"https:\/\/www.sudoestehoje.com.br\/novoportal\/wp-json\/wp\/v2\/posts\/39367\/revisions\/39375"}],"wp:attachment":[{"href":"https:\/\/www.sudoestehoje.com.br\/novoportal\/wp-json\/wp\/v2\/media?parent=39367"}],"wp:term":[{"taxonomy":"category","embeddable":true,"href":"https:\/\/www.sudoestehoje.com.br\/novoportal\/wp-json\/wp\/v2\/categories?post=39367"},{"taxonomy":"post_tag","embeddable":true,"href":"https:\/\/www.sudoestehoje.com.br\/novoportal\/wp-json\/wp\/v2\/tags?post=39367"}],"curies":[{"name":"wp","href":"https:\/\/api.w.org\/{rel}","templated":true}]}}