
{"id":39357,"date":"2014-07-27T08:14:33","date_gmt":"2014-07-27T11:14:33","guid":{"rendered":"http:\/\/www.sudoestehoje.com.br\/novoportal\/?p=39357"},"modified":"2014-07-27T10:07:30","modified_gmt":"2014-07-27T13:07:30","slug":"agenda-dos-candidatos-ao-governo","status":"publish","type":"post","link":"https:\/\/www.sudoestehoje.com.br\/novoportal\/2014\/07\/27\/agenda-dos-candidatos-ao-governo\/","title":{"rendered":"AGENDA DOS CANDIDATOS AO GOVERNO"},"content":{"rendered":"<p style=\"text-align: center;\"><img decoding=\"async\" class=\"aligncenter\" alt=\"\" src=\"http:\/\/www.infosaj.com.br\/listas\/posts\/57148.jpg\" width=\"500\" \/><\/p>\n<p>Agenda para este domingo (27).<\/p>\n<p><em>L\u00eddice da Matta (coliga\u00e7\u00e3o \u201cUm Novo Caminho para a Bahia\u201d):<\/em>\u00a0A candidata ter\u00e1 Reuni\u00e3o politica em Dias D`\u00c1vila, na RMS (regi\u00e3o metropolitana de Salvador), \u00e0s 10h. \u00c0 tarde, \u00e0s 17h, L\u00eddice participar\u00e1 de uma reuni\u00e3o com assessores;<\/p>\n<p><em>Marcos Mendes (PSOL):<\/em> O candidato vai percorrer os munic\u00edpios de Itapetinga, Itabuna, Itoror\u00f3, Ilhe\u00fas, entre outros, situados no sul da Bahia;<\/p>\n<p><em>Paulo Souto (coliga\u00e7\u00e3o \u201cUnidos pela Bahia\u201d):<\/em> O candidato participa de encontro no Cine Teatro Rio Branco, em Nazar\u00e9 das Farinhas, \u00e0s 10h30. \u00c0 tarde, Souto vai \u00e0 tradicional Festa de Nossa Senhora de Santana, em Cansan\u00e7\u00e3o;<\/p>\n<p><em>Renata Mallet (PSTU):<\/em> A candidata vai participar de um almo\u00e7o, \u00e0s 12h, com apoiadores da companha;<\/p>\n<p><em>Rog\u00e9rio Da Luz (coliga\u00e7\u00e3o \u201cPor uma Bahia Livre e Justa\u201d):<\/em> O candidato visita o sub\u00farbio ferrovi\u00e1rio durante a tarde;<\/p>\n<p><em>Rui Costa (coliga\u00e7\u00e3o \u201cPra Bahia Mudar Mais\u201d):<\/em> Carreatas e concentra\u00e7\u00e3o popular nas cidades de Ibitit\u00e1, Ibipeba, Barra do Mendes, Barro Alto, Canarana, Lap\u00e3o e Jussara;<\/p>\n<p><strong><em>Da Reda\u00e7\u00e3o<\/em><\/strong><\/p>\n","protected":false},"excerpt":{"rendered":"<p>Agenda para este domingo (27). L\u00eddice da Matta (coliga\u00e7\u00e3o \u201cUm Novo Caminho para a Bahia\u201d):\u00a0A candidata ter\u00e1 Reuni\u00e3o politica em Dias D`\u00c1vila, na RMS (regi\u00e3o metropolitana de Salvador), \u00e0s 10h. \u00c0 tarde, \u00e0s 17h, L\u00eddice participar\u00e1 de uma reuni\u00e3o com assessores; Marcos Mendes (PSOL): O candidato vai percorrer os munic\u00edpios de Itapetinga, Itabuna, Itoror\u00f3, Ilhe\u00fas, [&hellip;]<\/p>\n","protected":false},"author":2,"featured_media":0,"comment_status":"open","ping_status":"open","sticky":false,"template":"","format":"standard","meta":{"footnotes":"","_links_to":"","_links_to_target":""},"categories":[1],"tags":[],"class_list":["post-39357","post","type-post","status-publish","format-standard","hentry","category-geral"],"views":1139,"_links":{"self":[{"href":"https:\/\/www.sudoestehoje.com.br\/novoportal\/wp-json\/wp\/v2\/posts\/39357","targetHints":{"allow":["GET"]}}],"collection":[{"href":"https:\/\/www.sudoestehoje.com.br\/novoportal\/wp-json\/wp\/v2\/posts"}],"about":[{"href":"https:\/\/www.sudoestehoje.com.br\/novoportal\/wp-json\/wp\/v2\/types\/post"}],"author":[{"embeddable":true,"href":"https:\/\/www.sudoestehoje.com.br\/novoportal\/wp-json\/wp\/v2\/users\/2"}],"replies":[{"embeddable":true,"href":"https:\/\/www.sudoestehoje.com.br\/novoportal\/wp-json\/wp\/v2\/comments?post=39357"}],"version-history":[{"count":6,"href":"https:\/\/www.sudoestehoje.com.br\/novoportal\/wp-json\/wp\/v2\/posts\/39357\/revisions"}],"predecessor-version":[{"id":39366,"href":"https:\/\/www.sudoestehoje.com.br\/novoportal\/wp-json\/wp\/v2\/posts\/39357\/revisions\/39366"}],"wp:attachment":[{"href":"https:\/\/www.sudoestehoje.com.br\/novoportal\/wp-json\/wp\/v2\/media?parent=39357"}],"wp:term":[{"taxonomy":"category","embeddable":true,"href":"https:\/\/www.sudoestehoje.com.br\/novoportal\/wp-json\/wp\/v2\/categories?post=39357"},{"taxonomy":"post_tag","embeddable":true,"href":"https:\/\/www.sudoestehoje.com.br\/novoportal\/wp-json\/wp\/v2\/tags?post=39357"}],"curies":[{"name":"wp","href":"https:\/\/api.w.org\/{rel}","templated":true}]}}