
{"id":39341,"date":"2014-07-26T12:40:25","date_gmt":"2014-07-26T15:40:25","guid":{"rendered":"http:\/\/www.sudoestehoje.com.br\/novoportal\/?p=39341"},"modified":"2014-07-26T12:40:43","modified_gmt":"2014-07-26T15:40:43","slug":"troca-de-nivaldo-viana-por-amaral-desagrada-ouvintes-da-fascinacao","status":"publish","type":"post","link":"https:\/\/www.sudoestehoje.com.br\/novoportal\/2014\/07\/26\/troca-de-nivaldo-viana-por-amaral-desagrada-ouvintes-da-fascinacao\/","title":{"rendered":"TROCA DE NIVALDO VIANA POR AMARAL DESAGRADA OUVINTES DA FASCINA\u00c7\u00c3O"},"content":{"rendered":"<div id=\"attachment_39347\" style=\"width: 510px\" class=\"wp-caption aligncenter\"><a href=\"http:\/\/www.sudoestehoje.com.br\/novoportal\/wp-content\/uploads\/2014\/07\/nivaldo-viana.jpg\"><img loading=\"lazy\" decoding=\"async\" aria-describedby=\"caption-attachment-39347\" class=\"size-medium wp-image-39347\" alt=\"Ouvintes da R\u00e1dio Fascina\u00e7\u00e3o n\u00e3o se conformam com a sa\u00edda do locutor popular Nivaldo Viana, do programa 'Na Boca do Povo'...\" src=\"http:\/\/www.sudoestehoje.com.br\/novoportal\/wp-content\/uploads\/2014\/07\/nivaldo-viana-500x280.jpg\" width=\"500\" height=\"280\" srcset=\"https:\/\/www.sudoestehoje.com.br\/novoportal\/wp-content\/uploads\/2014\/07\/nivaldo-viana-500x280.jpg 500w, https:\/\/www.sudoestehoje.com.br\/novoportal\/wp-content\/uploads\/2014\/07\/nivaldo-viana.jpg 526w\" sizes=\"auto, (max-width: 500px) 100vw, 500px\" \/><\/a><p id=\"caption-attachment-39347\" class=\"wp-caption-text\">Ouvintes da R\u00e1dio Fascina\u00e7\u00e3o n\u00e3o se conformam com a sa\u00edda do locutor popular Nivaldo Viana, do programa &#8216;Na Boca do Povo&#8217;&#8230;<\/p><\/div>\n<p>ITAPETINGA: Desde que foi anunciada a substitui\u00e7\u00e3o do locutor Nivaldo Viana, do programa &#8216;Na Boca do Povo&#8217;, pelo locutor\/vereador Amaral Junior, a dire\u00e7\u00e3o da conceituada R\u00e1dio Fascina\u00e7\u00e3o s\u00f3 tem recebido cr\u00edticas, e a indigna\u00e7\u00e3o popular vem aumentando a cada dia.<\/p>\n<p>Durante toda a semana, a participa\u00e7\u00e3o dos ouvintes atrav\u00e9s dos telefones da emissora foi um verdadeiro massacre contra Amaral, que para a popula\u00e7\u00e3o n\u00e3o tem o perfil conservador da R\u00e1dio Fascina\u00e7\u00e3o, e sempre usou os microfones da sua antiga emissora como verdadeiro trampolim pol\u00edtico, deixando de levar ao ar as justas reclama\u00e7\u00f5es do povo.<\/p>\n<p>Quando algu\u00e9m ligava para o &#8220;Chicote do Povo&#8221;, denunciando alguma mazela da prefeitura, Amaral n\u00e3o colocava no ar e at\u00e9 mandava desligar os microfones. Quando era pego de surpresa, simplesmente desqualificava a den\u00fancia e sa\u00eda em defesas dos seus patr\u00f5es da prefeitura, fato que \u00e9 p\u00fablico e not\u00f3rio.<\/p>\n<div id=\"attachment_39348\" style=\"width: 510px\" class=\"wp-caption aligncenter\"><a href=\"http:\/\/www.sudoestehoje.com.br\/novoportal\/wp-content\/uploads\/2014\/07\/amaral-02.jpg\"><img loading=\"lazy\" decoding=\"async\" aria-describedby=\"caption-attachment-39348\" class=\"size-full wp-image-39348\" alt=\"... e contestam com veem\u00eancia a presen\u00e7a de Amaral Junior nos microfones da conceituada emissora.\" src=\"http:\/\/www.sudoestehoje.com.br\/novoportal\/wp-content\/uploads\/2014\/07\/amaral-02.jpg\" width=\"500\" height=\"229\" \/><\/a><p id=\"caption-attachment-39348\" class=\"wp-caption-text\">&#8230;e contestam com veem\u00eancia a presen\u00e7a de Amaral Junior nos microfones da conceituada emissora.<\/p><\/div>\n<p>Seguindo outra linha, o programa de Nivaldo Viana nunca deixou de atender as liga\u00e7\u00f5es e sempre veiculou as den\u00fancias dos ouvintes, colocando-os ao vivo no ar, para reclamarem sobre problemas diversos que ocorrem na cidade, sem nenhum car\u00e1ter pol\u00edtico partid\u00e1rio, o que sempre agradou a popula\u00e7\u00e3o de Itapetinga e regi\u00e3o. Talvez seja por esta raz\u00e3o que ele est\u00e1 sendo retirado do programa.<\/p>\n<p>No programa &#8216;Na Boca do Povo Especial&#8217; deste s\u00e1bado, o apresentador Z\u00e9 Elias explorou bem o tema e as liga\u00e7\u00f5es n\u00e3o pararam, reclamando da inoportuna troca de locutores. Amaral foi entrevistado no programa e teve que ouvir, a contragosto, a indigna\u00e7\u00e3o dos ouvintes da r\u00e1dio, que n\u00e3o se conformam com a sa\u00edda de Nivaldo e, principalmente, com a sua indesej\u00e1vel presen\u00e7a nos microfones da emissora.<\/p>\n<p>J\u00e1 h\u00e1 quem defenda a divis\u00e3o do hor\u00e1rio do programa, entre o Amaral e Nivaldo, para atender aos reclamos populares. Ser\u00e1 que vai dar certo?<\/p>\n<p><strong><em>Por Davi Ferraz<\/em><\/strong><\/p>\n","protected":false},"excerpt":{"rendered":"<p>ITAPETINGA: Desde que foi anunciada a substitui\u00e7\u00e3o do locutor Nivaldo Viana, do programa &#8216;Na Boca do Povo&#8217;, pelo locutor\/vereador Amaral Junior, a dire\u00e7\u00e3o da conceituada R\u00e1dio Fascina\u00e7\u00e3o s\u00f3 tem recebido cr\u00edticas, e a indigna\u00e7\u00e3o popular vem aumentando a cada dia. Durante toda a semana, a participa\u00e7\u00e3o dos ouvintes atrav\u00e9s dos telefones da emissora foi um [&hellip;]<\/p>\n","protected":false},"author":2,"featured_media":0,"comment_status":"open","ping_status":"open","sticky":false,"template":"","format":"standard","meta":{"footnotes":"","_links_to":"","_links_to_target":""},"categories":[1],"tags":[],"class_list":["post-39341","post","type-post","status-publish","format-standard","hentry","category-geral"],"views":1731,"_links":{"self":[{"href":"https:\/\/www.sudoestehoje.com.br\/novoportal\/wp-json\/wp\/v2\/posts\/39341","targetHints":{"allow":["GET"]}}],"collection":[{"href":"https:\/\/www.sudoestehoje.com.br\/novoportal\/wp-json\/wp\/v2\/posts"}],"about":[{"href":"https:\/\/www.sudoestehoje.com.br\/novoportal\/wp-json\/wp\/v2\/types\/post"}],"author":[{"embeddable":true,"href":"https:\/\/www.sudoestehoje.com.br\/novoportal\/wp-json\/wp\/v2\/users\/2"}],"replies":[{"embeddable":true,"href":"https:\/\/www.sudoestehoje.com.br\/novoportal\/wp-json\/wp\/v2\/comments?post=39341"}],"version-history":[{"count":10,"href":"https:\/\/www.sudoestehoje.com.br\/novoportal\/wp-json\/wp\/v2\/posts\/39341\/revisions"}],"predecessor-version":[{"id":39353,"href":"https:\/\/www.sudoestehoje.com.br\/novoportal\/wp-json\/wp\/v2\/posts\/39341\/revisions\/39353"}],"wp:attachment":[{"href":"https:\/\/www.sudoestehoje.com.br\/novoportal\/wp-json\/wp\/v2\/media?parent=39341"}],"wp:term":[{"taxonomy":"category","embeddable":true,"href":"https:\/\/www.sudoestehoje.com.br\/novoportal\/wp-json\/wp\/v2\/categories?post=39341"},{"taxonomy":"post_tag","embeddable":true,"href":"https:\/\/www.sudoestehoje.com.br\/novoportal\/wp-json\/wp\/v2\/tags?post=39341"}],"curies":[{"name":"wp","href":"https:\/\/api.w.org\/{rel}","templated":true}]}}