
{"id":39277,"date":"2014-07-25T19:28:21","date_gmt":"2014-07-25T22:28:21","guid":{"rendered":"http:\/\/www.sudoestehoje.com.br\/novoportal\/?p=39277"},"modified":"2014-07-25T19:29:43","modified_gmt":"2014-07-25T22:29:43","slug":"conquista-ganha-2o-sac-enquanto-o-de-itapetinga-fica-so-na-promessa","status":"publish","type":"post","link":"https:\/\/www.sudoestehoje.com.br\/novoportal\/2014\/07\/25\/conquista-ganha-2o-sac-enquanto-o-de-itapetinga-fica-so-na-promessa\/","title":{"rendered":"CONQUISTA GANHA 2\u00ba SAC, ENQUANTO O DE ITAPETINGA FICA S\u00d3 NA PROMESSA"},"content":{"rendered":"<div id=\"attachment_39278\" style=\"width: 510px\" class=\"wp-caption aligncenter\"><a href=\"http:\/\/www.sudoestehoje.com.br\/novoportal\/wp-content\/uploads\/2014\/07\/sac-conquista.jpg\"><img decoding=\"async\" aria-describedby=\"caption-attachment-39278\" class=\" wp-image-39278 \" alt=\"2\u00ba SAC de Conquista ser\u00e1 inaugurado no m\u00eas de agosto e fica no Shopping.\" src=\"http:\/\/www.sudoestehoje.com.br\/novoportal\/wp-content\/uploads\/2014\/07\/sac-conquista.jpg\" width=\"500\" \/><\/a><p id=\"caption-attachment-39278\" class=\"wp-caption-text\">2\u00ba SAC de Conquista ser\u00e1 inaugurado no m\u00eas de agosto e fica no Shopping. Foto Rodrigo Ferraz<\/p><\/div>\n<p>ITAPETINGA &#8211; Mesmo antes de assumir o seu primeiro mandato como prefeito de Itapetinga, Z\u00e9 Carlos j\u00e1 prometia a vinda de uma unidade do SAC para a cidade, promessa que vem se arrastando h\u00e1 quase seis anos, e nada de SAC.<\/p>\n<p>Quando \u00e9 criticado pelas suas viagens in\u00fateis a Salvador, \u00e0s custas do er\u00e1rio, o prefeito se irrita e repete a mesma hist\u00f3ria, afirmando que foi \u00e0 capital em busca do IML e do SAC, que agora virou &#8216;Ponto Cidad\u00e3o&#8217;, uma vers\u00e3o simplificada que j\u00e1 vem sendo implantada em cidades de porte m\u00e9dio, muitas delas menores e menos importantes que Itapetinga.<\/p>\n<p>O Ponto Cidad\u00e3o faz parte do famoso &#8216;Kit Prefeito&#8217;, e \u00a0\u00e9 reservado aos gestores considerados &#8216;chatos e insistentes&#8217;, que vivem aporrinhando o governador e seus secret\u00e1rios, pedindo obras para os seus munic\u00edpios. Para n\u00e3o sairem de m\u00e3os vazias, recebem um &#8216;Saquinho&#8217; de lambuja. Mas nem isto Z\u00e9 Carlos consegue fazer, pois n\u00e3o arranja nada com o governador.<\/p>\n<p>E olha que o governo, de cabo a rabo, \u00e9 do seu partido&#8230;<\/p>\n<p><strong><em>Por Davi Ferraz \u00a0<\/em><\/strong><\/p>\n","protected":false},"excerpt":{"rendered":"<p>ITAPETINGA &#8211; Mesmo antes de assumir o seu primeiro mandato como prefeito de Itapetinga, Z\u00e9 Carlos j\u00e1 prometia a vinda de uma unidade do SAC para a cidade, promessa que vem se arrastando h\u00e1 quase seis anos, e nada de SAC. Quando \u00e9 criticado pelas suas viagens in\u00fateis a Salvador, \u00e0s custas do er\u00e1rio, o [&hellip;]<\/p>\n","protected":false},"author":2,"featured_media":0,"comment_status":"open","ping_status":"open","sticky":false,"template":"","format":"standard","meta":{"footnotes":"","_links_to":"","_links_to_target":""},"categories":[1],"tags":[],"class_list":["post-39277","post","type-post","status-publish","format-standard","hentry","category-geral"],"views":1201,"_links":{"self":[{"href":"https:\/\/www.sudoestehoje.com.br\/novoportal\/wp-json\/wp\/v2\/posts\/39277","targetHints":{"allow":["GET"]}}],"collection":[{"href":"https:\/\/www.sudoestehoje.com.br\/novoportal\/wp-json\/wp\/v2\/posts"}],"about":[{"href":"https:\/\/www.sudoestehoje.com.br\/novoportal\/wp-json\/wp\/v2\/types\/post"}],"author":[{"embeddable":true,"href":"https:\/\/www.sudoestehoje.com.br\/novoportal\/wp-json\/wp\/v2\/users\/2"}],"replies":[{"embeddable":true,"href":"https:\/\/www.sudoestehoje.com.br\/novoportal\/wp-json\/wp\/v2\/comments?post=39277"}],"version-history":[{"count":5,"href":"https:\/\/www.sudoestehoje.com.br\/novoportal\/wp-json\/wp\/v2\/posts\/39277\/revisions"}],"predecessor-version":[{"id":39283,"href":"https:\/\/www.sudoestehoje.com.br\/novoportal\/wp-json\/wp\/v2\/posts\/39277\/revisions\/39283"}],"wp:attachment":[{"href":"https:\/\/www.sudoestehoje.com.br\/novoportal\/wp-json\/wp\/v2\/media?parent=39277"}],"wp:term":[{"taxonomy":"category","embeddable":true,"href":"https:\/\/www.sudoestehoje.com.br\/novoportal\/wp-json\/wp\/v2\/categories?post=39277"},{"taxonomy":"post_tag","embeddable":true,"href":"https:\/\/www.sudoestehoje.com.br\/novoportal\/wp-json\/wp\/v2\/tags?post=39277"}],"curies":[{"name":"wp","href":"https:\/\/api.w.org\/{rel}","templated":true}]}}