
{"id":39269,"date":"2014-07-25T16:35:10","date_gmt":"2014-07-25T19:35:10","guid":{"rendered":"http:\/\/www.sudoestehoje.com.br\/novoportal\/?p=39269"},"modified":"2014-07-25T18:39:17","modified_gmt":"2014-07-25T21:39:17","slug":"fundacao-jose-silveira-reinaugura-o-raimundo-perazzo-nesta-segunda","status":"publish","type":"post","link":"https:\/\/www.sudoestehoje.com.br\/novoportal\/2014\/07\/25\/fundacao-jose-silveira-reinaugura-o-raimundo-perazzo-nesta-segunda\/","title":{"rendered":"FUNDA\u00c7\u00c3O JOS\u00c9 SILVEIRA REINAUGURA O RAIMUNDO PERAZZO NESTA SEGUNDA"},"content":{"rendered":"<div id=\"attachment_39272\" style=\"width: 510px\" class=\"wp-caption aligncenter\"><a href=\"http:\/\/www.sudoestehoje.com.br\/novoportal\/wp-content\/uploads\/2014\/07\/PERAZZO-2.jpg\"><img loading=\"lazy\" decoding=\"async\" aria-describedby=\"caption-attachment-39272\" class=\"size-full wp-image-39272\" alt=\"Termo de Gest\u00e3o foi assinado em junho e a reabertura da Unidade Raimundo Perazzo est\u00e1 confirmada para a pr\u00f3xima segunda-feira, 28 de julho.\" src=\"http:\/\/www.sudoestehoje.com.br\/novoportal\/wp-content\/uploads\/2014\/07\/PERAZZO-2.jpg\" width=\"500\" height=\"375\" \/><\/a><p id=\"caption-attachment-39272\" class=\"wp-caption-text\">Termo de Gest\u00e3o foi assinado em junho e a reabertura da Unidade Raimundo Perazzo est\u00e1 confirmada para a pr\u00f3xima segunda-feira, 28 de julho.<\/p><\/div>\n<p>A Funda\u00e7\u00e3o Jos\u00e9 Silveira (FJS) concretiza uma antiga reivindica\u00e7\u00e3o da comunidade de Itapetinga: a reabertura da Unidade Raimundo Perazzo, ligada ao Hospital Cristo Redentor, em Itapetinga. A entrega da Unidade \u00e0 popula\u00e7\u00e3o local ser\u00e1 feita em solenidade marcada para a pr\u00f3xima segunda-feira (28 de julho), \u00e0s 17 horas. O novo espa\u00e7o disponibilizar\u00e1 \u00e0 comunidade consultas nas especialidades de cirurgia, pediatria, ginecologia, obstetr\u00edcia, ortopedia e urologia, al\u00e9m de exame de ultra-sonografia.<\/p>\n<p>A inaugura\u00e7\u00e3o da Unidade refor\u00e7a o atendimento \u00e0 popula\u00e7\u00e3o da regi\u00e3o, beneficiada com a amplia\u00e7\u00e3o da estrutura assistencial. A Funda\u00e7\u00e3o Jos\u00e9 Silveira vem investindo em diversas melhorias no Cristo Redentor, como a inaugura\u00e7\u00e3o da UTI dotada de nove leitos, a primeira da cidade. Al\u00e9m disso, investiu na reestrutura\u00e7\u00e3o de servi\u00e7os de grande demanda, como a emerg\u00eancia e o servi\u00e7o de obstetr\u00edcia. Iniciativas que reafirmam o compromisso em assegurar a qualidade da assist\u00eancia \u00e0 popula\u00e7\u00e3o de Itapetinga e regi\u00e3o. <em>Ascom FJS<\/em><\/p>\n<p><img decoding=\"async\" class=\"aligncenter\" alt=\"\" src=\"https:\/\/fbcdn-sphotos-d-a.akamaihd.net\/hphotos-ak-xpa1\/t1.0-9\/10470878_832309000121049_4592598546874453046_n.jpg\" width=\"500\" \/><\/p>\n","protected":false},"excerpt":{"rendered":"<p>A Funda\u00e7\u00e3o Jos\u00e9 Silveira (FJS) concretiza uma antiga reivindica\u00e7\u00e3o da comunidade de Itapetinga: a reabertura da Unidade Raimundo Perazzo, ligada ao Hospital Cristo Redentor, em Itapetinga. A entrega da Unidade \u00e0 popula\u00e7\u00e3o local ser\u00e1 feita em solenidade marcada para a pr\u00f3xima segunda-feira (28 de julho), \u00e0s 17 horas. O novo espa\u00e7o disponibilizar\u00e1 \u00e0 comunidade consultas [&hellip;]<\/p>\n","protected":false},"author":2,"featured_media":0,"comment_status":"open","ping_status":"open","sticky":false,"template":"","format":"standard","meta":{"footnotes":"","_links_to":"","_links_to_target":""},"categories":[1],"tags":[],"class_list":["post-39269","post","type-post","status-publish","format-standard","hentry","category-geral"],"views":1349,"_links":{"self":[{"href":"https:\/\/www.sudoestehoje.com.br\/novoportal\/wp-json\/wp\/v2\/posts\/39269","targetHints":{"allow":["GET"]}}],"collection":[{"href":"https:\/\/www.sudoestehoje.com.br\/novoportal\/wp-json\/wp\/v2\/posts"}],"about":[{"href":"https:\/\/www.sudoestehoje.com.br\/novoportal\/wp-json\/wp\/v2\/types\/post"}],"author":[{"embeddable":true,"href":"https:\/\/www.sudoestehoje.com.br\/novoportal\/wp-json\/wp\/v2\/users\/2"}],"replies":[{"embeddable":true,"href":"https:\/\/www.sudoestehoje.com.br\/novoportal\/wp-json\/wp\/v2\/comments?post=39269"}],"version-history":[{"count":6,"href":"https:\/\/www.sudoestehoje.com.br\/novoportal\/wp-json\/wp\/v2\/posts\/39269\/revisions"}],"predecessor-version":[{"id":39276,"href":"https:\/\/www.sudoestehoje.com.br\/novoportal\/wp-json\/wp\/v2\/posts\/39269\/revisions\/39276"}],"wp:attachment":[{"href":"https:\/\/www.sudoestehoje.com.br\/novoportal\/wp-json\/wp\/v2\/media?parent=39269"}],"wp:term":[{"taxonomy":"category","embeddable":true,"href":"https:\/\/www.sudoestehoje.com.br\/novoportal\/wp-json\/wp\/v2\/categories?post=39269"},{"taxonomy":"post_tag","embeddable":true,"href":"https:\/\/www.sudoestehoje.com.br\/novoportal\/wp-json\/wp\/v2\/tags?post=39269"}],"curies":[{"name":"wp","href":"https:\/\/api.w.org\/{rel}","templated":true}]}}