
{"id":39266,"date":"2014-07-24T21:02:49","date_gmt":"2014-07-25T00:02:49","guid":{"rendered":"http:\/\/www.sudoestehoje.com.br\/novoportal\/?p=39266"},"modified":"2014-07-24T21:02:49","modified_gmt":"2014-07-25T00:02:49","slug":"inscricoes-on-line-para-o-iii-seminario-de-spc-promovido-pela-cdl","status":"publish","type":"post","link":"https:\/\/www.sudoestehoje.com.br\/novoportal\/2014\/07\/24\/inscricoes-on-line-para-o-iii-seminario-de-spc-promovido-pela-cdl\/","title":{"rendered":"INSCRI\u00c7\u00d5ES ON LINE PARA O III SEMIN\u00c1RIO DE SPC PROMOVIDO PELA CDL"},"content":{"rendered":"<p><img decoding=\"async\" class=\"aligncenter\" alt=\"3 seminario de SPC\" src=\"http:\/\/www.cdlitapetinga.com.br\/v1\/wp-content\/uploads\/2014\/07\/3-seminario-de-SPC.jpg\" width=\"500\" \/><\/p>\n<p>No dia 05 de agosto a CDL de Itapetinga realizar\u00e1 mais um Semin\u00e1rio com o tema A IMPORT\u00c2NCIA DA GEST\u00c3O DE CR\u00c9DITO NAS EMPRESAS, abordado pela consultora do Sebrae Alessandra Vaz. O evento destina-se \u00e0 classe empresarial, com estimativa de participa\u00e7\u00e3o de 150 pessoas entre empres\u00e1rios, administradores, comerci\u00e1rios e estudantes de cursos de gest\u00e3o. Entre em contato com a CDL e garanta sua participa\u00e7\u00e3o. Dia 05\/08\/14 a partir das 19:30h no audit\u00f3rio da Coopardo. Inscri\u00e7\u00f5es gratuitas.<\/p>\n<p>Fa\u00e7a agora a sua inscri\u00e7\u00e3o on line no link <a href=\"http:\/\/www.cdlitapetinga.com.br\/v1\/2014\/07\/18\/cdl-realiza-iii-seminario-de-spc-de-itapetinga-e-regiao\/\" target=\"_blank\">INSCRI\u00c7\u00c3O SEMIN\u00c1RIO CDL\u00a0<\/a><\/p>\n","protected":false},"excerpt":{"rendered":"<p>No dia 05 de agosto a CDL de Itapetinga realizar\u00e1 mais um Semin\u00e1rio com o tema A IMPORT\u00c2NCIA DA GEST\u00c3O DE CR\u00c9DITO NAS EMPRESAS, abordado pela consultora do Sebrae Alessandra Vaz. O evento destina-se \u00e0 classe empresarial, com estimativa de participa\u00e7\u00e3o de 150 pessoas entre empres\u00e1rios, administradores, comerci\u00e1rios e estudantes de cursos de gest\u00e3o. Entre [&hellip;]<\/p>\n","protected":false},"author":2,"featured_media":0,"comment_status":"open","ping_status":"open","sticky":false,"template":"","format":"standard","meta":{"footnotes":"","_links_to":"","_links_to_target":""},"categories":[1],"tags":[],"class_list":["post-39266","post","type-post","status-publish","format-standard","hentry","category-geral"],"views":1230,"_links":{"self":[{"href":"https:\/\/www.sudoestehoje.com.br\/novoportal\/wp-json\/wp\/v2\/posts\/39266","targetHints":{"allow":["GET"]}}],"collection":[{"href":"https:\/\/www.sudoestehoje.com.br\/novoportal\/wp-json\/wp\/v2\/posts"}],"about":[{"href":"https:\/\/www.sudoestehoje.com.br\/novoportal\/wp-json\/wp\/v2\/types\/post"}],"author":[{"embeddable":true,"href":"https:\/\/www.sudoestehoje.com.br\/novoportal\/wp-json\/wp\/v2\/users\/2"}],"replies":[{"embeddable":true,"href":"https:\/\/www.sudoestehoje.com.br\/novoportal\/wp-json\/wp\/v2\/comments?post=39266"}],"version-history":[{"count":2,"href":"https:\/\/www.sudoestehoje.com.br\/novoportal\/wp-json\/wp\/v2\/posts\/39266\/revisions"}],"predecessor-version":[{"id":39268,"href":"https:\/\/www.sudoestehoje.com.br\/novoportal\/wp-json\/wp\/v2\/posts\/39266\/revisions\/39268"}],"wp:attachment":[{"href":"https:\/\/www.sudoestehoje.com.br\/novoportal\/wp-json\/wp\/v2\/media?parent=39266"}],"wp:term":[{"taxonomy":"category","embeddable":true,"href":"https:\/\/www.sudoestehoje.com.br\/novoportal\/wp-json\/wp\/v2\/categories?post=39266"},{"taxonomy":"post_tag","embeddable":true,"href":"https:\/\/www.sudoestehoje.com.br\/novoportal\/wp-json\/wp\/v2\/tags?post=39266"}],"curies":[{"name":"wp","href":"https:\/\/api.w.org\/{rel}","templated":true}]}}